{"id":4609,"date":"2011-12-09T07:59:57","date_gmt":"2011-12-09T05:59:57","guid":{"rendered":"http:\/\/www.psychologie-aktuell.info\/reha\/?p=4609"},"modified":"2011-12-09T09:19:27","modified_gmt":"2011-12-09T07:19:27","slug":"schlaf-und-gesundheit","status":"publish","type":"post","link":"https:\/\/www.psychologie-aktuell.info\/reha\/2011\/12\/schlaf-und-gesundheit\/","title":{"rendered":"Schlaf und Gesundheit"},"content":{"rendered":"<blockquote><p>Bundesgesundheitsblatt &#8211; Gesundheitsforschung &#8211; Gesundheitsschutz<br \/>\nVolume 54, Number 12, 1269, DOI: 10.1007\/s00103-011-1367-1<\/p>\n<p><a href=\"javascript:\"><img style=\"border: 0px none;\" title=\"\/p\/>;Titel anhand dieser DOI in Citavi-Projekt \u00fcbernehmen&#8220; src=&#8220;data:image\/png;base64,iVBORw0KGgoAAAANSUhEUgAAABAAAAAQCAYAAAAf8\/9hAAAAGXRFWHRTb2Z0d2FyZQBBZG9iZSBJbWFnZVJlYWR5ccllPAAAAsZJREFUeNpkU11IFVEQ\/s7u5k\/d0jL603wKLBMDpRuIFEQ+BkVGGUgEReBLRSEa+BD0EgVJP74kCElppVbqQxAUFBgJUiISUaQ+iGB2Re\/evXd\/zplmz+rtoYU55+yZMzPffDMjEi1Xd8GyOlVy+ZDKpAGlQOBPRKLP\/JEQLOFBQaZs+LMzb9z5+Sb8ab782f02SUqprEgptQSBJD8IyPMDcj2fXNejTMYjJ+3S3MALGtm7Y8RSi4nqNWV7okgrC5Feo53oP+EYsA7WYVlR3JJ2yowwEvzxr3DfvQVME7nH6yG2l0AxXOfZE7gT4zB3lyP\/7HmQYSDgVF2CaYGkjhRMTyF5\/Roo7bBRCk5PNzY8H4Ld0Y4Un1UY+XU\/0pMTKLh1j1EoKObEiEhi5WIia6wcB\/7Cbzh9vQj4XhuzSH6ZGnoFb24WTJEm2QgXTglmZRVyLzTBKCsHFRVBSQn\/10+svdKK3NONMCoqQTl52ok3Mw2ppK6KEaWvKUNOfQNind1Yd+eBhkgFGyFKShBru4nC3kHkHDsBFRoUbmIEMkIQellllrjGxLtaWtKQzX1V+l7K6D5YTgJbt0HsLIUMVIRAN4h2oPRj7gQ4gwNcgWJYh+sYqtK6IJlE+tNH5J08w2kIXYXQ1gpJ1HBXiMp8eA9n+CXWd3SBuEjaKesTbc2gzVuQ13BOw9cI2NbSKYQw+ZHz9DFSD+8idvs+zHgNE8lta9tItFxCYCdR2P4IintAcQW4SzUHHIK9hdFdF\/6P74h190EUl2ZTcr6MwqiOo+BUIxMospx4jCIk1JKpJFckMKVhIb\/1RgQ5jBw65UfWgVoY+2vAY6HTDOvv+h4cRuZzF1rezNTYQn9v3DhyVCsjYxXt6t9ZV4f1vgzgZDJIDPcwB2JUjFUU71pU1GUrqvX02FJ2nDU\/QkTznP1fHXHBQ4OLfwUYALhaDRT0WgkEAAAAAElFTkSuQmCC&#8220; alt=&#8220;&#8220; \/><\/a><strong>Schwerpunktheft zum Thema Schlaf und Schlafst\u00f6rungen<\/strong><\/p>\n<p>Mit folgenden Artikeln:<br \/>\n<a href=\"http:\/\/www.springerlink.com\/content\/k435503454p13khj\/\" target=\"_blank\">Biologische Grundlagen des Schlafens und Wachens<\/a><br \/>\n<a href=\"http:\/\/www.springerlink.com\/content\/t455413587881335\/\" target=\"_blank\">Schlafmedizinische Versorgung in Deutschland<\/a><br \/>\n<a href=\"http:\/\/www.springerlink.com\/content\/r451802504736184\/\" target=\"_blank\">Schlafst\u00f6rungen im Kindesalter<\/a><br \/>\n<a href=\"http:\/\/www.springerlink.com\/content\/h1635r8u5015g227\/\" target=\"_blank\">Unruhe statt Schlafen &#8211; Das Restless-Legs-Syndrom<\/a><br \/>\n<a href=\"http:\/\/www.springerlink.com\/content\/152506t61056565x\/\" target=\"_blank\">Substanzinduzierte Schlafst\u00f6rungen und Schlafmittelmissbrauch<\/a><br \/>\n<a href=\"http:\/\/www.springerlink.com\/content\/qx1129x0q0x1601n\/\" target=\"_blank\">Schlafmangel und Insomnie &#8211; Einfluss auf die k\u00f6rperliche und psychische Gesundheit<\/a><br \/>\n<a href=\"http:\/\/www.springerlink.com\/content\/850u75717t78p2w3\/\" target=\"_blank\">Messung von Schlafdauer und Schlafqualit\u00e4t<\/a><br \/>\n<a href=\"http:\/\/www.springerlink.com\/content\/0630270p52r21746\/\" target=\"_blank\">Schlaf und seine St\u00f6rungen im Alter<\/a><br \/>\n<a href=\"http:\/\/www.springerlink.com\/content\/p235858235465187\/\" target=\"_blank\">Schlafdauer und \u00dcbergewicht<\/a><br \/>\n<a href=\"http:\/\/www.springerlink.com\/content\/x5545j260877u673\/\" target=\"_blank\">H\u00e4ufige schlafmedizinische Erkrankungen<\/a><br \/>\n<a href=\"http:\/\/www.springerlink.com\/content\/n0k6312713571853\/\" target=\"_blank\">Einfluss von Umweltl\u00e4rm auf Schlafqualit\u00e4t und Schlafst\u00f6rungen und Auswirkungen auf die Gesundheit<\/a><\/p><\/blockquote>\n<p><a href=\"http:\/\/www.springerlink.com\/content\/u2740g8v136k15l1\/\">SpringerLink &#8211; Bundesgesundheitsblatt &#8211; Gesundheitsforschung &#8211; Gesundheitsschutz, Volume 54, Number 12<\/a><\/p>\n","protected":false},"excerpt":{"rendered":"<p>Bundesgesundheitsblatt &#8211; Gesundheitsforschung &#8211; Gesundheitsschutz Volume 54, Number 12, 1269, DOI: 10.1007\/s00103-011-1367-1<\/p>\n","protected":false},"author":1,"featured_media":0,"comment_status":"closed","ping_status":"closed","sticky":false,"template":"","format":"standard","meta":{"_jetpack_memberships_contains_paid_content":false,"footnotes":""},"categories":[21],"tags":[],"class_list":["post-4609","post","type-post","status-publish","format-standard","hentry","category-zeitschriftenartikel"],"jetpack_featured_media_url":"","jetpack_shortlink":"https:\/\/wp.me\/p1fMVY-1cl","jetpack_sharing_enabled":true,"_links":{"self":[{"href":"https:\/\/www.psychologie-aktuell.info\/reha\/wp-json\/wp\/v2\/posts\/4609","targetHints":{"allow":["GET"]}}],"collection":[{"href":"https:\/\/www.psychologie-aktuell.info\/reha\/wp-json\/wp\/v2\/posts"}],"about":[{"href":"https:\/\/www.psychologie-aktuell.info\/reha\/wp-json\/wp\/v2\/types\/post"}],"author":[{"embeddable":true,"href":"https:\/\/www.psychologie-aktuell.info\/reha\/wp-json\/wp\/v2\/users\/1"}],"replies":[{"embeddable":true,"href":"https:\/\/www.psychologie-aktuell.info\/reha\/wp-json\/wp\/v2\/comments?post=4609"}],"version-history":[{"count":2,"href":"https:\/\/www.psychologie-aktuell.info\/reha\/wp-json\/wp\/v2\/posts\/4609\/revisions"}],"predecessor-version":[{"id":4657,"href":"https:\/\/www.psychologie-aktuell.info\/reha\/wp-json\/wp\/v2\/posts\/4609\/revisions\/4657"}],"wp:attachment":[{"href":"https:\/\/www.psychologie-aktuell.info\/reha\/wp-json\/wp\/v2\/media?parent=4609"}],"wp:term":[{"taxonomy":"category","embeddable":true,"href":"https:\/\/www.psychologie-aktuell.info\/reha\/wp-json\/wp\/v2\/categories?post=4609"},{"taxonomy":"post_tag","embeddable":true,"href":"https:\/\/www.psychologie-aktuell.info\/reha\/wp-json\/wp\/v2\/tags?post=4609"}],"curies":[{"name":"wp","href":"https:\/\/api.w.org\/{rel}","templated":true}]}}