{"id":461,"date":"2009-05-14T23:47:49","date_gmt":"2009-05-14T21:47:49","guid":{"rendered":"http:\/\/www.reha-psychologie.net\/reha\/2009\/05\/bericht-uber-den-14-deutschen-psychotherapeutentag\/"},"modified":"2009-05-14T23:47:49","modified_gmt":"2009-05-14T21:47:49","slug":"bericht-uber-den-14-deutschen-psychotherapeutentag","status":"publish","type":"post","link":"https:\/\/www.psychologie-aktuell.info\/reha\/2009\/05\/bericht-uber-den-14-deutschen-psychotherapeutentag\/","title":{"rendered":"Bericht \u00fcber den 14. Deutschen Psychotherapeutentag"},"content":{"rendered":"<blockquote><p>Der 14. Deutsche Psychotherapeutentag (DPT) am 9. Mai 2009 in Berlin widmete sich der Zukunft der Ausbildung&#8230;<br \/>&#8230;<br \/>Prof. Dr. Bernhard Strau\u00df vom Universit\u00e4tsklinikum Jena gab als Leiter der Forschergruppe dem Psychotherapeutentag einen \u00dcberblick \u00fcber die zentralen Ergebnisse des Gutachtens. <!--more-->Er erinnerte daran, dass u. a. die Ver\u00e4nderung der Zugangsvoraussetzungen zur Ausbildung des Psychologischen Psychotherapeuten (PP) und Kinder- und Jugendlichenpsychotherapeuten (KJP) durch die Einf\u00fchrung der europ\u00e4ischen Studienabschl\u00fcsse mit Bachelor-Master-Systematik Anlass des Gutachtens war.<br \/>&#8230;<\/p><\/blockquote>\n<blockquote><p>Dazu habe das Gutachten die aktuelle Ausbildungslandschaft in der Psychotherapie umfassend aufgearbeitet, Entwicklungen in der Psychotherapie im In- und Ausland dargestellt, Aussagen zu Inhalten und Ausgestaltung der alten und neuen p\u00e4dagogischen und psychologischen Studieng\u00e4nge getroffen, Vorschl\u00e4ge zu neuen inhaltlichen Zugangsvoraussetzungen f\u00fcr die Ausbildung zum PP und KJP gemacht, M\u00f6glichkeiten einer der \u00e4rztlichen Ausbildung vergleichbaren Direktausbildung gepr\u00fcft und Empfehlungen dazu abgegeben, ob Psychotherapeuten zus\u00e4tzliche Kompetenzen erhalten sollten, wie z. B. die Verordnung von Arzneimitteln.<\/p><\/blockquote>\n<p>Quelle: <a href=\"http:\/\/www.bptk.de\/show\/2440339.html\">Bundespsychotherapeutenkammer &#8211; 14. Deutscher Psychotherapeutentag<\/a><\/p>\n","protected":false},"excerpt":{"rendered":"<p>Der 14. Deutsche Psychotherapeutentag (DPT) am 9. Mai 2009 in Berlin widmete sich der Zukunft der Ausbildung&#8230;&#8230;Prof. Dr. Bernhard Strau\u00df vom Universit\u00e4tsklinikum Jena gab als Leiter der Forschergruppe dem Psychotherapeutentag einen \u00dcberblick \u00fcber die zentralen Ergebnisse des Gutachtens.<\/p>\n","protected":false},"author":1,"featured_media":0,"comment_status":"open","ping_status":"open","sticky":false,"template":"","format":"standard","meta":{"_jetpack_memberships_contains_paid_content":false,"footnotes":""},"categories":[22],"tags":[27],"class_list":["post-461","post","type-post","status-publish","format-standard","hentry","category-allgemein","tag-berufspolitik"],"jetpack_featured_media_url":"","jetpack_shortlink":"https:\/\/wp.me\/p1fMVY-7r","jetpack_sharing_enabled":true,"_links":{"self":[{"href":"https:\/\/www.psychologie-aktuell.info\/reha\/wp-json\/wp\/v2\/posts\/461","targetHints":{"allow":["GET"]}}],"collection":[{"href":"https:\/\/www.psychologie-aktuell.info\/reha\/wp-json\/wp\/v2\/posts"}],"about":[{"href":"https:\/\/www.psychologie-aktuell.info\/reha\/wp-json\/wp\/v2\/types\/post"}],"author":[{"embeddable":true,"href":"https:\/\/www.psychologie-aktuell.info\/reha\/wp-json\/wp\/v2\/users\/1"}],"replies":[{"embeddable":true,"href":"https:\/\/www.psychologie-aktuell.info\/reha\/wp-json\/wp\/v2\/comments?post=461"}],"version-history":[{"count":0,"href":"https:\/\/www.psychologie-aktuell.info\/reha\/wp-json\/wp\/v2\/posts\/461\/revisions"}],"wp:attachment":[{"href":"https:\/\/www.psychologie-aktuell.info\/reha\/wp-json\/wp\/v2\/media?parent=461"}],"wp:term":[{"taxonomy":"category","embeddable":true,"href":"https:\/\/www.psychologie-aktuell.info\/reha\/wp-json\/wp\/v2\/categories?post=461"},{"taxonomy":"post_tag","embeddable":true,"href":"https:\/\/www.psychologie-aktuell.info\/reha\/wp-json\/wp\/v2\/tags?post=461"}],"curies":[{"name":"wp","href":"https:\/\/api.w.org\/{rel}","templated":true}]}}