{"id":462,"date":"2009-05-14T23:51:34","date_gmt":"2009-05-14T21:51:34","guid":{"rendered":"http:\/\/www.reha-psychologie.net\/reha\/2009\/05\/rtl-show-experimente-mit-babys\/"},"modified":"2009-05-14T23:51:34","modified_gmt":"2009-05-14T21:51:34","slug":"rtl-show-experimente-mit-babys","status":"publish","type":"post","link":"https:\/\/www.psychologie-aktuell.info\/reha\/2009\/05\/rtl-show-experimente-mit-babys\/","title":{"rendered":"RTL: Show-Experimente mit Babys"},"content":{"rendered":"<blockquote><p>Die Bundespsychotherapeutenkammer (BPtK) fordert strengere<br \/>\nMediengesetze, die S\u00e4uglinge vor TV-Experimenten sch\u00fctzen.<br \/>\nAnlass f\u00fcr diese Forderung ist eine neue RTL-Serie ab Juni, in<br \/>\ndenen Teenager ihre elterlichen F\u00e4higkeiten an fremden<br \/>\nS\u00e4uglingen testen. Der K\u00f6lner TV-Sender erweckt dabei den<br \/>\nEindruck, als k\u00f6nne man ein sieben Monate altes Baby einige Tage<br \/>\nvon seinen Eltern trennen, ohne dessen Gesundheit zu gef\u00e4hrden.<\/p><\/blockquote>\n<p>Quelle: <a href=\"http:\/\/www.bptk.de\/show\/2435062.html\">Bundespsychotherapeutenkammer &#8211; RTL: Show-Experimente mit Babys<\/a><\/p>\n","protected":false},"excerpt":{"rendered":"<p>Die Bundespsychotherapeutenkammer (BPtK) fordert strengere Mediengesetze, die S\u00e4uglinge vor TV-Experimenten sch\u00fctzen. Anlass f\u00fcr diese Forderung ist eine neue RTL-Serie ab Juni, in denen Teenager ihre elterlichen F\u00e4higkeiten an fremden S\u00e4uglingen testen. Der K\u00f6lner TV-Sender erweckt dabei den Eindruck, als k\u00f6nne &hellip; <a href=\"https:\/\/www.psychologie-aktuell.info\/reha\/2009\/05\/rtl-show-experimente-mit-babys\/\">Weiterlesen <span class=\"meta-nav\">&rarr;<\/span><\/a><\/p>\n","protected":false},"author":1,"featured_media":0,"comment_status":"open","ping_status":"open","sticky":false,"template":"","format":"standard","meta":{"_jetpack_memberships_contains_paid_content":false,"footnotes":""},"categories":[22],"tags":[37,39],"class_list":["post-462","post","type-post","status-publish","format-standard","hentry","category-allgemein","tag-kinder-jugendliche","tag-pravention"],"jetpack_featured_media_url":"","jetpack_shortlink":"https:\/\/wp.me\/p1fMVY-7s","jetpack_sharing_enabled":true,"_links":{"self":[{"href":"https:\/\/www.psychologie-aktuell.info\/reha\/wp-json\/wp\/v2\/posts\/462","targetHints":{"allow":["GET"]}}],"collection":[{"href":"https:\/\/www.psychologie-aktuell.info\/reha\/wp-json\/wp\/v2\/posts"}],"about":[{"href":"https:\/\/www.psychologie-aktuell.info\/reha\/wp-json\/wp\/v2\/types\/post"}],"author":[{"embeddable":true,"href":"https:\/\/www.psychologie-aktuell.info\/reha\/wp-json\/wp\/v2\/users\/1"}],"replies":[{"embeddable":true,"href":"https:\/\/www.psychologie-aktuell.info\/reha\/wp-json\/wp\/v2\/comments?post=462"}],"version-history":[{"count":0,"href":"https:\/\/www.psychologie-aktuell.info\/reha\/wp-json\/wp\/v2\/posts\/462\/revisions"}],"wp:attachment":[{"href":"https:\/\/www.psychologie-aktuell.info\/reha\/wp-json\/wp\/v2\/media?parent=462"}],"wp:term":[{"taxonomy":"category","embeddable":true,"href":"https:\/\/www.psychologie-aktuell.info\/reha\/wp-json\/wp\/v2\/categories?post=462"},{"taxonomy":"post_tag","embeddable":true,"href":"https:\/\/www.psychologie-aktuell.info\/reha\/wp-json\/wp\/v2\/tags?post=462"}],"curies":[{"name":"wp","href":"https:\/\/api.w.org\/{rel}","templated":true}]}}