{"id":4634,"date":"2011-12-25T07:36:13","date_gmt":"2011-12-25T06:36:13","guid":{"rendered":"http:\/\/www.psychologie-aktuell.info\/reha\/?p=4634"},"modified":"2011-12-24T12:26:25","modified_gmt":"2011-12-24T11:26:25","slug":"schmerz-krankenstande-befindlichkeit-medikamentenverbrauch-und-funktionsverbesserung-im-jahr-vor-und-nach-einer-kombinierten-radonthermalkur","status":"publish","type":"post","link":"https:\/\/www.psychologie-aktuell.info\/reha\/2011\/12\/schmerz-krankenstande-befindlichkeit-medikamentenverbrauch-und-funktionsverbesserung-im-jahr-vor-und-nach-einer-kombinierten-radonthermalkur\/","title":{"rendered":"Schmerz, Krankenst\u00e4nde, Befindlichkeit, Medikamentenverbrauch und Funktionsverbesserung im Jahr vor und nach einer kombinierten Radonthermalkur"},"content":{"rendered":"<blockquote><p><strong>A. Moder, W. Foisner, W. Hitzl, N. Fagerer, M. Ritter, W. Kullich<\/strong><br \/>\nZiel der vorliegenden prospektiven Interventionsstudie ist die Untersuchung der Nachhaltigkeit von physikalischen Kuranwendungen und gleichzeitiger Radonbehandlung bei Patienten mit degenerativem Wirbels\u00e4ulensyndrom auf Schmerzbefinden, Funktionskapazit\u00e4t betroffener Gelenke, Schmerzmedikamentenverbrauch, Befindlichkeit und Krankenst\u00e4nde im Jahr vor sowie nach der Kur.<br \/>\n222 Patienten mit kombinierter Radon\/physikalischer Therapie im Rahmen eines station\u00e4ren Kuraufenthaltes nahmen an der Studie teil und wurden <!--more-->nach einer Eingangsuntersuchung vor Beginn, unmittelbar nach der Kur, sowie 3, 6 und 12 Monate nach Kur zu Schmerz, Funktionseinschr\u00e4nkung, Befindlichkeit und Schmerzmittelverbrauch befragt. Ebenfalls erhoben wurden Krankenstandstage im Jahr vor sowie im Jahr nach der Kur.<br \/>\nDie Schmerzintensit\u00e4t nahm bis zum 12 monatigen Nachbefragungszeitpunkt signifikant ab. Die Funktionskapazit\u00e4t verbesserte sich signifikant bis 6 Monate nach Therapieende. Der Anteil der Patienten, die keine Schmerzmittel einnahmen, erh\u00f6hte sich w\u00e4hrend des gesamten Beobachtungszeitraumes. Die Krankenstandstage verringerten sich signifikant im Jahr nach der Kur im Vergleich zum Jahr davor. Ca. 29% aller Patienten wies eine Verbesserung im Befindlichkeitszustand bis zu einem Jahr nach der Kur auf.<br \/>\nZusammenfassend zeigt sich im Rahmen dieser Studie insgesamt bei allen gew\u00e4hlten Outcomes eine mittel- bis langfristige Verbesserung.<\/p><\/blockquote>\n<p><a href=\"https:\/\/www.thieme-connect.de\/DOI\/DOI?10.1055\/s-0031-1280834\">Thieme eJournals &#8211; Abstract<\/a><\/p>\n","protected":false},"excerpt":{"rendered":"<p>A. Moder, W. Foisner, W. Hitzl, N. Fagerer, M. Ritter, W. Kullich Ziel der vorliegenden prospektiven Interventionsstudie ist die Untersuchung der Nachhaltigkeit von physikalischen Kuranwendungen und gleichzeitiger Radonbehandlung bei Patienten mit degenerativem Wirbels\u00e4ulensyndrom auf Schmerzbefinden, Funktionskapazit\u00e4t betroffener Gelenke, Schmerzmedikamentenverbrauch, Befindlichkeit &hellip; <a href=\"https:\/\/www.psychologie-aktuell.info\/reha\/2011\/12\/schmerz-krankenstande-befindlichkeit-medikamentenverbrauch-und-funktionsverbesserung-im-jahr-vor-und-nach-einer-kombinierten-radonthermalkur\/\">Weiterlesen <span class=\"meta-nav\">&rarr;<\/span><\/a><\/p>\n","protected":false},"author":1,"featured_media":0,"comment_status":"closed","ping_status":"closed","sticky":false,"template":"","format":"standard","meta":{"_jetpack_memberships_contains_paid_content":false,"footnotes":""},"categories":[21],"tags":[],"class_list":["post-4634","post","type-post","status-publish","format-standard","hentry","category-zeitschriftenartikel"],"jetpack_featured_media_url":"","jetpack_shortlink":"https:\/\/wp.me\/p1fMVY-1cK","jetpack_sharing_enabled":true,"_links":{"self":[{"href":"https:\/\/www.psychologie-aktuell.info\/reha\/wp-json\/wp\/v2\/posts\/4634","targetHints":{"allow":["GET"]}}],"collection":[{"href":"https:\/\/www.psychologie-aktuell.info\/reha\/wp-json\/wp\/v2\/posts"}],"about":[{"href":"https:\/\/www.psychologie-aktuell.info\/reha\/wp-json\/wp\/v2\/types\/post"}],"author":[{"embeddable":true,"href":"https:\/\/www.psychologie-aktuell.info\/reha\/wp-json\/wp\/v2\/users\/1"}],"replies":[{"embeddable":true,"href":"https:\/\/www.psychologie-aktuell.info\/reha\/wp-json\/wp\/v2\/comments?post=4634"}],"version-history":[{"count":2,"href":"https:\/\/www.psychologie-aktuell.info\/reha\/wp-json\/wp\/v2\/posts\/4634\/revisions"}],"predecessor-version":[{"id":4709,"href":"https:\/\/www.psychologie-aktuell.info\/reha\/wp-json\/wp\/v2\/posts\/4634\/revisions\/4709"}],"wp:attachment":[{"href":"https:\/\/www.psychologie-aktuell.info\/reha\/wp-json\/wp\/v2\/media?parent=4634"}],"wp:term":[{"taxonomy":"category","embeddable":true,"href":"https:\/\/www.psychologie-aktuell.info\/reha\/wp-json\/wp\/v2\/categories?post=4634"},{"taxonomy":"post_tag","embeddable":true,"href":"https:\/\/www.psychologie-aktuell.info\/reha\/wp-json\/wp\/v2\/tags?post=4634"}],"curies":[{"name":"wp","href":"https:\/\/api.w.org\/{rel}","templated":true}]}}