{"id":4642,"date":"2011-12-24T18:00:04","date_gmt":"2011-12-24T17:00:04","guid":{"rendered":"http:\/\/www.psychologie-aktuell.info\/reha\/?p=4642"},"modified":"2011-12-24T12:21:26","modified_gmt":"2011-12-24T11:21:26","slug":"aggression-im-strassenverkehr","status":"publish","type":"post","link":"https:\/\/www.psychologie-aktuell.info\/reha\/2011\/12\/aggression-im-strassenverkehr\/","title":{"rendered":"Aggression im Strassenverkehr"},"content":{"rendered":"<blockquote><p><strong>Jan Witth\u00f6ft, Michael Hofmann, Franz Petermann<\/strong><br \/>\nVerkehrsunf\u00e4lle (oder Unf\u00e4lle im Stra\u00dfenverkehr) geh\u00f6ren zu den h\u00e4ufigsten Todesursachen bei jungen Erwachsenen. Eine Vielzahl von Unf\u00e4llen wird mit aggressivem Fahrverhalten in Verbindung gebracht. In Deutschland darf seit kurzem bei Verdacht auf ein erh\u00f6htes Aggressionspotential eine Medizinisch-Psychologische Untersuchung (MPU) angeordnet werden, die einen Entzug des F\u00fchrerscheins zur Folge haben kann. Das Vorgehen basiert auf der Annahme, dass allgemein aggressive Personen ein erh\u00f6htes Risiko aufweisen, problematisches <!--more-->Fahrverhalten im Stra\u00dfenverkehr zu zeigen. Mit einer umfangreichen Literatursuche wurden klinische und nichtklinische Studien identifiziert, die die Zusammenh\u00e4nge von aggressivem Verhalten und problematischem Fahrverhalten untersuchen. Zus\u00e4tzlich zu den entsprechenden Befunden werden Ergebnisse zu weiteren bedeutsamen Merkmalen (\u00c4rger, Impulsivit\u00e4t und Sensation Seeking) dargestellt. Insgesamt kann die Annahme best\u00e4tigt werden, dass aggressive Personen h\u00e4ufiger zu einem problematischen Fahrverhalten neigen. Die Zusammenh\u00e4nge k\u00f6nnen insbesondere bei jungen M\u00e4nnern als gesichert gelten. Es wird eine pragmatische Differenzierung in vorwiegend proaktiv und reaktiv aggressive Fahrer vorgeschlagen. Abschlie\u00dfend werden Grenzen, Einschr\u00e4nkungen und die Dringlichkeit von Pr\u00e4ventions- und Interventionsma\u00dfnahmen aufgezeigt.<\/p><\/blockquote>\n<p><a href=\"http:\/\/psycontent.metapress.com\/content\/a3372776817w3516\/\">PsyCONTENT &#8211; Zeitschriftenbeitrag<\/a><\/p>\n","protected":false},"excerpt":{"rendered":"<p>Jan Witth\u00f6ft, Michael Hofmann, Franz Petermann Verkehrsunf\u00e4lle (oder Unf\u00e4lle im Stra\u00dfenverkehr) geh\u00f6ren zu den h\u00e4ufigsten Todesursachen bei jungen Erwachsenen. Eine Vielzahl von Unf\u00e4llen wird mit aggressivem Fahrverhalten in Verbindung gebracht. In Deutschland darf seit kurzem bei Verdacht auf ein erh\u00f6htes &hellip; <a href=\"https:\/\/www.psychologie-aktuell.info\/reha\/2011\/12\/aggression-im-strassenverkehr\/\">Weiterlesen <span class=\"meta-nav\">&rarr;<\/span><\/a><\/p>\n","protected":false},"author":1,"featured_media":0,"comment_status":"closed","ping_status":"closed","sticky":false,"template":"","format":"standard","meta":{"_jetpack_memberships_contains_paid_content":false,"footnotes":""},"categories":[21],"tags":[],"class_list":["post-4642","post","type-post","status-publish","format-standard","hentry","category-zeitschriftenartikel"],"jetpack_featured_media_url":"","jetpack_shortlink":"https:\/\/wp.me\/p1fMVY-1cS","jetpack_sharing_enabled":true,"_links":{"self":[{"href":"https:\/\/www.psychologie-aktuell.info\/reha\/wp-json\/wp\/v2\/posts\/4642","targetHints":{"allow":["GET"]}}],"collection":[{"href":"https:\/\/www.psychologie-aktuell.info\/reha\/wp-json\/wp\/v2\/posts"}],"about":[{"href":"https:\/\/www.psychologie-aktuell.info\/reha\/wp-json\/wp\/v2\/types\/post"}],"author":[{"embeddable":true,"href":"https:\/\/www.psychologie-aktuell.info\/reha\/wp-json\/wp\/v2\/users\/1"}],"replies":[{"embeddable":true,"href":"https:\/\/www.psychologie-aktuell.info\/reha\/wp-json\/wp\/v2\/comments?post=4642"}],"version-history":[{"count":1,"href":"https:\/\/www.psychologie-aktuell.info\/reha\/wp-json\/wp\/v2\/posts\/4642\/revisions"}],"predecessor-version":[{"id":4706,"href":"https:\/\/www.psychologie-aktuell.info\/reha\/wp-json\/wp\/v2\/posts\/4642\/revisions\/4706"}],"wp:attachment":[{"href":"https:\/\/www.psychologie-aktuell.info\/reha\/wp-json\/wp\/v2\/media?parent=4642"}],"wp:term":[{"taxonomy":"category","embeddable":true,"href":"https:\/\/www.psychologie-aktuell.info\/reha\/wp-json\/wp\/v2\/categories?post=4642"},{"taxonomy":"post_tag","embeddable":true,"href":"https:\/\/www.psychologie-aktuell.info\/reha\/wp-json\/wp\/v2\/tags?post=4642"}],"curies":[{"name":"wp","href":"https:\/\/api.w.org\/{rel}","templated":true}]}}