{"id":4645,"date":"2011-12-21T08:01:57","date_gmt":"2011-12-21T07:01:57","guid":{"rendered":"http:\/\/www.psychologie-aktuell.info\/reha\/?p=4645"},"modified":"2011-12-16T13:10:40","modified_gmt":"2011-12-16T12:10:40","slug":"postpartale-psychische-storungen-mutter-kind-behandlung-aus-kinderpsychiatrischer-perspektive-2","status":"publish","type":"post","link":"https:\/\/www.psychologie-aktuell.info\/reha\/2011\/12\/postpartale-psychische-storungen-mutter-kind-behandlung-aus-kinderpsychiatrischer-perspektive-2\/","title":{"rendered":"Postpartale psychische St\u00f6rungen &#8211; Mutter-Kind-Behandlung aus kinderpsychiatrischer Perspektive"},"content":{"rendered":"<blockquote><p><strong>Brigitte Ramsauer, Sabine D\u00f6hmen und Georg Romer<\/strong><br \/>\nEine psychische Erkrankung der Mutter nach der Geburt kann die Beziehung und die Kommunikation zum Kind beeinflussen, sodass das Kind psychosomatische St\u00f6rungen oder St\u00f6rungen der Verhaltensregulation mit Diagnosestatus entwickelt. Diese k\u00f6nnen sich nachhaltig auf die Mutter-Kind-Beziehung und die seelische Entwicklung des Kindes auswirken. Vor dem Hintergrund von Forschungsergebnissen wird ausgef\u00fchrt, warum es notwendig ist, den S\u00e4ugling <!--more--><\/p>\n<p>im Kontext der Mutter-Kind-Interaktion mitzubehandeln. Erg\u00e4nzend wird erl\u00e4utert, wann eine gemeinsame Behandlung von Mutter und Kind kontraindiziert sein kann. Die Autoren res\u00fcmieren die klinische Praxis der Eltern-Kind-Behandlung als eine interdisziplin\u00e4re und multiprofessionelle Herausforderung, f\u00fcr deren Qualit\u00e4tssicherung \u2013 neben erwachsenenpsychiatrisch-psychotherapeutischer Fachkompetenz \u2013 Mindeststandards kinderpsychiatrischer und entwicklungspsychologischer Expertise der Diagnostik und Intervention einzuhalten sind.<\/p><\/blockquote>\n<p><a href=\"http:\/\/www.springerlink.com\/content\/n86177464787401r\/\">SpringerLink &#8211; Psychotherapeut, Online First\u2122<\/a><\/p>\n","protected":false},"excerpt":{"rendered":"<p>Brigitte Ramsauer, Sabine D\u00f6hmen und Georg Romer Eine psychische Erkrankung der Mutter nach der Geburt kann die Beziehung und die Kommunikation zum Kind beeinflussen, sodass das Kind psychosomatische St\u00f6rungen oder St\u00f6rungen der Verhaltensregulation mit Diagnosestatus entwickelt. Diese k\u00f6nnen sich nachhaltig &hellip; <a href=\"https:\/\/www.psychologie-aktuell.info\/reha\/2011\/12\/postpartale-psychische-storungen-mutter-kind-behandlung-aus-kinderpsychiatrischer-perspektive-2\/\">Weiterlesen <span class=\"meta-nav\">&rarr;<\/span><\/a><\/p>\n","protected":false},"author":1,"featured_media":0,"comment_status":"closed","ping_status":"closed","sticky":false,"template":"","format":"standard","meta":{"_jetpack_memberships_contains_paid_content":false,"footnotes":""},"categories":[21],"tags":[],"class_list":["post-4645","post","type-post","status-publish","format-standard","hentry","category-zeitschriftenartikel"],"jetpack_featured_media_url":"","jetpack_shortlink":"https:\/\/wp.me\/p1fMVY-1cV","jetpack_sharing_enabled":true,"_links":{"self":[{"href":"https:\/\/www.psychologie-aktuell.info\/reha\/wp-json\/wp\/v2\/posts\/4645","targetHints":{"allow":["GET"]}}],"collection":[{"href":"https:\/\/www.psychologie-aktuell.info\/reha\/wp-json\/wp\/v2\/posts"}],"about":[{"href":"https:\/\/www.psychologie-aktuell.info\/reha\/wp-json\/wp\/v2\/types\/post"}],"author":[{"embeddable":true,"href":"https:\/\/www.psychologie-aktuell.info\/reha\/wp-json\/wp\/v2\/users\/1"}],"replies":[{"embeddable":true,"href":"https:\/\/www.psychologie-aktuell.info\/reha\/wp-json\/wp\/v2\/comments?post=4645"}],"version-history":[{"count":3,"href":"https:\/\/www.psychologie-aktuell.info\/reha\/wp-json\/wp\/v2\/posts\/4645\/revisions"}],"predecessor-version":[{"id":4688,"href":"https:\/\/www.psychologie-aktuell.info\/reha\/wp-json\/wp\/v2\/posts\/4645\/revisions\/4688"}],"wp:attachment":[{"href":"https:\/\/www.psychologie-aktuell.info\/reha\/wp-json\/wp\/v2\/media?parent=4645"}],"wp:term":[{"taxonomy":"category","embeddable":true,"href":"https:\/\/www.psychologie-aktuell.info\/reha\/wp-json\/wp\/v2\/categories?post=4645"},{"taxonomy":"post_tag","embeddable":true,"href":"https:\/\/www.psychologie-aktuell.info\/reha\/wp-json\/wp\/v2\/tags?post=4645"}],"curies":[{"name":"wp","href":"https:\/\/api.w.org\/{rel}","templated":true}]}}