{"id":4649,"date":"2011-12-20T08:10:48","date_gmt":"2011-12-20T07:10:48","guid":{"rendered":"http:\/\/www.psychologie-aktuell.info\/reha\/?p=4649"},"modified":"2011-12-16T13:09:45","modified_gmt":"2011-12-16T12:09:45","slug":"was-erzahlen-hausarzte-uber-ihre-patienten-bei-denen-sie-eine-vorliegende-depression-nicht-diagnostiziert-haben-eine-qualitative-studie","status":"publish","type":"post","link":"https:\/\/www.psychologie-aktuell.info\/reha\/2011\/12\/was-erzahlen-hausarzte-uber-ihre-patienten-bei-denen-sie-eine-vorliegende-depression-nicht-diagnostiziert-haben-eine-qualitative-studie\/","title":{"rendered":"Was erz\u00e4hlen Haus\u00e4rzte \u00fcber ihre Patienten, bei denen sie eine vorliegende Depression nicht diagnostiziert haben? Eine qualitative Studie"},"content":{"rendered":"<blockquote><p><strong>Marieke Pilars de Pilar, Heinz-Harald Abholz, Nicole Becker, Martin Sielk<\/strong><br \/>\nWie sehen Haus\u00e4rzte Patienten mit einer Depression (nach PHQ-9), die sie nicht als depressiv erkannt haben? Welche Krankheitskonzepte werden damit deutlich?<br \/>\n21 Narrative Interviews zu Patienten mit Depression, die in einer Screeningstudie vom Hausarzt (n = 18) \u00fcbersehen wurden und im Interview ihm auch nicht als solche identifiziert wurden.<br \/>\nBei der Mehrzahl der Patienten mit \u00fcbersehener Diagnose wird das Vorliegen eines psychischen Problems von den Haus\u00e4rzten erkannt. Die dennoch vorhandenen \u201e\u00fcbersehenen F\u00e4lle\u201d resultieren <!--more-->aus der allgemeinmedizinischen Arbeitsweise: Diagnosestellung erst im Verlauf und nur kontextual; Fokus auf Beeintr\u00e4chtigung, nicht Diagnose; therapeutische Konsequenz vor Diagnose; Angst vor Stigmatisierung; hohe Toleranz bei \u201eAbweichungen\u201d bzw. weites Bild von Normalit\u00e4t.<br \/>\nWissen um unterschiedliche Konzeptionalisierungen bei Psychiatern und Allgemeinmedizinern muss Teil von Kooperation werden.<\/p>\n<p>Wissen um unterschiedliche Konzeptionalisierungen bei Psychiatern und Allgemeinmedizinern muss Teil von Kooperation werden.<\/p><\/blockquote>\n<p><strong><a href=\"https:\/\/www.thieme-connect.de\/DOI\/DOI?10.1055\/s-0031-1276897\">Thieme eJournals &#8211; Abstract<\/a><\/strong><\/p>\n","protected":false},"excerpt":{"rendered":"<p>Marieke Pilars de Pilar, Heinz-Harald Abholz, Nicole Becker, Martin Sielk Wie sehen Haus\u00e4rzte Patienten mit einer Depression (nach PHQ-9), die sie nicht als depressiv erkannt haben? Welche Krankheitskonzepte werden damit deutlich? 21 Narrative Interviews zu Patienten mit Depression, die in &hellip; <a href=\"https:\/\/www.psychologie-aktuell.info\/reha\/2011\/12\/was-erzahlen-hausarzte-uber-ihre-patienten-bei-denen-sie-eine-vorliegende-depression-nicht-diagnostiziert-haben-eine-qualitative-studie\/\">Weiterlesen <span class=\"meta-nav\">&rarr;<\/span><\/a><\/p>\n","protected":false},"author":1,"featured_media":0,"comment_status":"closed","ping_status":"closed","sticky":false,"template":"","format":"standard","meta":{"_jetpack_memberships_contains_paid_content":false,"footnotes":""},"categories":[21],"tags":[],"class_list":["post-4649","post","type-post","status-publish","format-standard","hentry","category-zeitschriftenartikel"],"jetpack_featured_media_url":"","jetpack_shortlink":"https:\/\/wp.me\/p1fMVY-1cZ","jetpack_sharing_enabled":true,"_links":{"self":[{"href":"https:\/\/www.psychologie-aktuell.info\/reha\/wp-json\/wp\/v2\/posts\/4649","targetHints":{"allow":["GET"]}}],"collection":[{"href":"https:\/\/www.psychologie-aktuell.info\/reha\/wp-json\/wp\/v2\/posts"}],"about":[{"href":"https:\/\/www.psychologie-aktuell.info\/reha\/wp-json\/wp\/v2\/types\/post"}],"author":[{"embeddable":true,"href":"https:\/\/www.psychologie-aktuell.info\/reha\/wp-json\/wp\/v2\/users\/1"}],"replies":[{"embeddable":true,"href":"https:\/\/www.psychologie-aktuell.info\/reha\/wp-json\/wp\/v2\/comments?post=4649"}],"version-history":[{"count":1,"href":"https:\/\/www.psychologie-aktuell.info\/reha\/wp-json\/wp\/v2\/posts\/4649\/revisions"}],"predecessor-version":[{"id":4687,"href":"https:\/\/www.psychologie-aktuell.info\/reha\/wp-json\/wp\/v2\/posts\/4649\/revisions\/4687"}],"wp:attachment":[{"href":"https:\/\/www.psychologie-aktuell.info\/reha\/wp-json\/wp\/v2\/media?parent=4649"}],"wp:term":[{"taxonomy":"category","embeddable":true,"href":"https:\/\/www.psychologie-aktuell.info\/reha\/wp-json\/wp\/v2\/categories?post=4649"},{"taxonomy":"post_tag","embeddable":true,"href":"https:\/\/www.psychologie-aktuell.info\/reha\/wp-json\/wp\/v2\/tags?post=4649"}],"curies":[{"name":"wp","href":"https:\/\/api.w.org\/{rel}","templated":true}]}}