{"id":4651,"date":"2011-12-14T07:16:06","date_gmt":"2011-12-14T05:16:06","guid":{"rendered":"http:\/\/www.psychologie-aktuell.info\/reha\/?p=4651"},"modified":"2011-12-14T10:15:41","modified_gmt":"2011-12-14T08:15:41","slug":"diabetes-und-komorbide-depression-systematische-literaturubersicht-gesundheitsokonomischer-studien","status":"publish","type":"post","link":"https:\/\/www.psychologie-aktuell.info\/reha\/2011\/12\/diabetes-und-komorbide-depression-systematische-literaturubersicht-gesundheitsokonomischer-studien\/","title":{"rendered":"Diabetes und komorbide Depression: Systematische Literatur\u00fcbersicht gesundheits\u00f6konomischer Studien"},"content":{"rendered":"<blockquote><p><strong>Thomas Lehnert, Alexander Konnopka, Steffi Riedel-Heller, Hans-Helmut K\u00f6nig<\/strong><br \/>\nSystematischer Literatur\u00fcberblick zu gesundheits\u00f6konomischen Studien, in denen Diabetiker mit komorbider Depression untersucht wurden. Literaturrecherche in PubMed und NHS EED im M\u00e4rz 2011. Die Ergebnisse der eingeschlossenen Krankheitskostenstudien (n=8) zeigen, dass eine Depression zu erh\u00f6hten diabetesbezogenen Behandlungskosten f\u00fchren kann, welche vermutlich auf Wechselwirkungen zwischen der depressiven Symptomatik und der Diabetestherapie zur\u00fcckzuf\u00fchren sind. Die Ergebnisse \u00f6konomischer Evaluationen (n=3) deuten an, dass geeignete Interventionen diese Zusatzkosten reduzieren beziehungsweise die aus der Intervention resultierenden zus\u00e4tzlichen Kosten \u00fcberkompensieren k\u00f6nnten. Depressionen bei Diabetikern gehen mit zus\u00e4tzlichen Versorgungskosten einher, welche sich durch geeignete Interventionen deutlich reduzieren lassen.<\/p><\/blockquote>\n<p><a href=\"https:\/\/www.thieme-connect.de\/DOI\/DOI?10.1055\/s-0031-1276934\">Thieme eJournals &#8211; Abstract<\/a><\/p>\n","protected":false},"excerpt":{"rendered":"<p>Thomas Lehnert, Alexander Konnopka, Steffi Riedel-Heller, Hans-Helmut K\u00f6nig Systematischer Literatur\u00fcberblick zu gesundheits\u00f6konomischen Studien, in denen Diabetiker mit komorbider Depression untersucht wurden. Literaturrecherche in PubMed und NHS EED im M\u00e4rz 2011. Die Ergebnisse der eingeschlossenen Krankheitskostenstudien (n=8) zeigen, dass eine Depression &hellip; <a href=\"https:\/\/www.psychologie-aktuell.info\/reha\/2011\/12\/diabetes-und-komorbide-depression-systematische-literaturubersicht-gesundheitsokonomischer-studien\/\">Weiterlesen <span class=\"meta-nav\">&rarr;<\/span><\/a><\/p>\n","protected":false},"author":1,"featured_media":0,"comment_status":"closed","ping_status":"closed","sticky":false,"template":"","format":"standard","meta":{"_jetpack_memberships_contains_paid_content":false,"footnotes":""},"categories":[21],"tags":[],"class_list":["post-4651","post","type-post","status-publish","format-standard","hentry","category-zeitschriftenartikel"],"jetpack_featured_media_url":"","jetpack_shortlink":"https:\/\/wp.me\/p1fMVY-1d1","jetpack_sharing_enabled":true,"_links":{"self":[{"href":"https:\/\/www.psychologie-aktuell.info\/reha\/wp-json\/wp\/v2\/posts\/4651","targetHints":{"allow":["GET"]}}],"collection":[{"href":"https:\/\/www.psychologie-aktuell.info\/reha\/wp-json\/wp\/v2\/posts"}],"about":[{"href":"https:\/\/www.psychologie-aktuell.info\/reha\/wp-json\/wp\/v2\/types\/post"}],"author":[{"embeddable":true,"href":"https:\/\/www.psychologie-aktuell.info\/reha\/wp-json\/wp\/v2\/users\/1"}],"replies":[{"embeddable":true,"href":"https:\/\/www.psychologie-aktuell.info\/reha\/wp-json\/wp\/v2\/comments?post=4651"}],"version-history":[{"count":2,"href":"https:\/\/www.psychologie-aktuell.info\/reha\/wp-json\/wp\/v2\/posts\/4651\/revisions"}],"predecessor-version":[{"id":4675,"href":"https:\/\/www.psychologie-aktuell.info\/reha\/wp-json\/wp\/v2\/posts\/4651\/revisions\/4675"}],"wp:attachment":[{"href":"https:\/\/www.psychologie-aktuell.info\/reha\/wp-json\/wp\/v2\/media?parent=4651"}],"wp:term":[{"taxonomy":"category","embeddable":true,"href":"https:\/\/www.psychologie-aktuell.info\/reha\/wp-json\/wp\/v2\/categories?post=4651"},{"taxonomy":"post_tag","embeddable":true,"href":"https:\/\/www.psychologie-aktuell.info\/reha\/wp-json\/wp\/v2\/tags?post=4651"}],"curies":[{"name":"wp","href":"https:\/\/api.w.org\/{rel}","templated":true}]}}