{"id":4652,"date":"2011-12-14T08:18:43","date_gmt":"2011-12-14T06:18:43","guid":{"rendered":"http:\/\/www.psychologie-aktuell.info\/reha\/?p=4652"},"modified":"2011-12-12T12:55:29","modified_gmt":"2011-12-12T10:55:29","slug":"der-zusammenhang-zwischen-migrationsstatus-und-depressiven-symptomen-in-der-alteren-bevolkerung-in-deutschland","status":"publish","type":"post","link":"https:\/\/www.psychologie-aktuell.info\/reha\/2011\/12\/der-zusammenhang-zwischen-migrationsstatus-und-depressiven-symptomen-in-der-alteren-bevolkerung-in-deutschland\/","title":{"rendered":"Der Zusammenhang zwischen Migrationsstatus und depressiven Symptomen in der \u00e4lteren Bev\u00f6lkerung in Deutschland"},"content":{"rendered":"<blockquote><p><strong>Marion C. Aichberger, Bruno Neuner, Ulfert Hapke, Michael A. Rapp, Meryam Schouler-Ocak, Markus A. Busch<\/strong><br \/>\nUntersuchung des Zusammenhangs zwischen Migrationsstatus und depressiven Symptomen in der \u00e4lteren Bev\u00f6lkerung in Deutschland. In einer Querschnittstudie mit einer repr\u00e4sentativen Stichprobe der ab 50-j\u00e4hrigen deutschen Bev\u00f6lkerung (n = 2890) wurden depressive Symptome mit der EURO-D-Skala erfasst.\u00a0 Migranten (definiert als Personen mit eigener Migrationserfahrung) wiesen eine h\u00f6here Pr\u00e4valenz depressiver Symptome (EURO-D \u2265 4 Punkte) auf (28 %) als Nichtmigranten (19 %). Nach Adjustierung f\u00fcr relevante Kovariablen blieb diese signifikante Assoziation bestehen. Die Ergebnisse sprechen f\u00fcr eine Assoziation zwischen Migrationserfahrung und depressiven Symptomen in der ab 50-j\u00e4hrigen Bev\u00f6lkerung.<\/p><\/blockquote>\n<p><a href=\"https:\/\/www.thieme-connect.de\/DOI\/DOI?10.1055\/s-0031-1276936\">Thieme eJournals &#8211; Abstract<\/a><\/p>\n","protected":false},"excerpt":{"rendered":"<p>Marion C. Aichberger, Bruno Neuner, Ulfert Hapke, Michael A. Rapp, Meryam Schouler-Ocak, Markus A. Busch Untersuchung des Zusammenhangs zwischen Migrationsstatus und depressiven Symptomen in der \u00e4lteren Bev\u00f6lkerung in Deutschland. In einer Querschnittstudie mit einer repr\u00e4sentativen Stichprobe der ab 50-j\u00e4hrigen deutschen &hellip; <a href=\"https:\/\/www.psychologie-aktuell.info\/reha\/2011\/12\/der-zusammenhang-zwischen-migrationsstatus-und-depressiven-symptomen-in-der-alteren-bevolkerung-in-deutschland\/\">Weiterlesen <span class=\"meta-nav\">&rarr;<\/span><\/a><\/p>\n","protected":false},"author":1,"featured_media":0,"comment_status":"closed","ping_status":"closed","sticky":false,"template":"","format":"standard","meta":{"_jetpack_memberships_contains_paid_content":false,"footnotes":""},"categories":[21],"tags":[],"class_list":["post-4652","post","type-post","status-publish","format-standard","hentry","category-zeitschriftenartikel"],"jetpack_featured_media_url":"","jetpack_shortlink":"https:\/\/wp.me\/p1fMVY-1d2","jetpack_sharing_enabled":true,"_links":{"self":[{"href":"https:\/\/www.psychologie-aktuell.info\/reha\/wp-json\/wp\/v2\/posts\/4652","targetHints":{"allow":["GET"]}}],"collection":[{"href":"https:\/\/www.psychologie-aktuell.info\/reha\/wp-json\/wp\/v2\/posts"}],"about":[{"href":"https:\/\/www.psychologie-aktuell.info\/reha\/wp-json\/wp\/v2\/types\/post"}],"author":[{"embeddable":true,"href":"https:\/\/www.psychologie-aktuell.info\/reha\/wp-json\/wp\/v2\/users\/1"}],"replies":[{"embeddable":true,"href":"https:\/\/www.psychologie-aktuell.info\/reha\/wp-json\/wp\/v2\/comments?post=4652"}],"version-history":[{"count":1,"href":"https:\/\/www.psychologie-aktuell.info\/reha\/wp-json\/wp\/v2\/posts\/4652\/revisions"}],"predecessor-version":[{"id":4672,"href":"https:\/\/www.psychologie-aktuell.info\/reha\/wp-json\/wp\/v2\/posts\/4652\/revisions\/4672"}],"wp:attachment":[{"href":"https:\/\/www.psychologie-aktuell.info\/reha\/wp-json\/wp\/v2\/media?parent=4652"}],"wp:term":[{"taxonomy":"category","embeddable":true,"href":"https:\/\/www.psychologie-aktuell.info\/reha\/wp-json\/wp\/v2\/categories?post=4652"},{"taxonomy":"post_tag","embeddable":true,"href":"https:\/\/www.psychologie-aktuell.info\/reha\/wp-json\/wp\/v2\/tags?post=4652"}],"curies":[{"name":"wp","href":"https:\/\/api.w.org\/{rel}","templated":true}]}}