{"id":4690,"date":"2011-12-18T20:46:08","date_gmt":"2011-12-18T19:46:08","guid":{"rendered":"http:\/\/www.psychologie-aktuell.info\/reha\/?p=4690"},"modified":"2011-12-18T20:46:11","modified_gmt":"2011-12-18T19:46:11","slug":"gewerbeaufsicht-soll-gegen-burn-out-einschreiten","status":"publish","type":"post","link":"https:\/\/www.psychologie-aktuell.info\/reha\/2011\/12\/gewerbeaufsicht-soll-gegen-burn-out-einschreiten\/","title":{"rendered":"Gewerbeaufsicht soll gegen Burn-out einschreiten"},"content":{"rendered":"<blockquote><p>Unfallschutz im Betrieb ist Pflicht. Zum Schutz vor psychischen Erkrankungen aber gibt es keine Regeln. Das muss sich \u00e4ndern, fordert der Freiburger Psychiatrieprofessor Mathias Berger im Gespr\u00e4ch mit FOCUS. Berger forderte die Politik auf, einzugreifen. Gewerbeaufsicht und Betriebs\u00e4rzte m\u00fcssten die M\u00f6glichkeit haben, in Betrieben Risiken f\u00fcr so genanntes Burn-out abzustellen.<!--more-->Deutschland brauche eine Regelung, die klarstelle, dass Arbeitgebern die F\u00fcrsorgepflicht auch im Falle psychischer Belastung obliege, sagte der Leiter der Freiburger Universit\u00e4tsklinik f\u00fcr Psychiatrie und Psychotherapie dem FOCUS. Dies sei notwendig, da es eine rasante Zunahme von Krankheitstagen wegen psychischer Belastungen gebe. Ein wachsender Teil davon sei durch Depressionen mit dem Leitsymptom massiver Ersch\u00f6pfung bedingt.<\/p><\/blockquote>\n<p><a href=\"http:\/\/www.focus.de\/finanzen\/karriere\/psychiater-mathias-berger-gewerbeaufsicht-soll-gegen-burn-out-einschreiten_aid_695332.html\">Psychiater Mathias Berger: Gewerbeaufsicht soll gegen Burn-out einschreiten &#8211; Karriere &#8211; FOCUS Online &#8211; Nachrichten<\/a><\/p>\n","protected":false},"excerpt":{"rendered":"<p>Unfallschutz im Betrieb ist Pflicht. Zum Schutz vor psychischen Erkrankungen aber gibt es keine Regeln. Das muss sich \u00e4ndern, fordert der Freiburger Psychiatrieprofessor Mathias Berger im Gespr\u00e4ch mit FOCUS. Berger forderte die Politik auf, einzugreifen. Gewerbeaufsicht und Betriebs\u00e4rzte m\u00fcssten die &hellip; <a href=\"https:\/\/www.psychologie-aktuell.info\/reha\/2011\/12\/gewerbeaufsicht-soll-gegen-burn-out-einschreiten\/\">Weiterlesen <span class=\"meta-nav\">&rarr;<\/span><\/a><\/p>\n","protected":false},"author":1,"featured_media":0,"comment_status":"closed","ping_status":"closed","sticky":false,"template":"","format":"standard","meta":{"_jetpack_memberships_contains_paid_content":false,"footnotes":""},"categories":[801],"tags":[],"class_list":["post-4690","post","type-post","status-publish","format-standard","hentry","category-links-zu-online-news"],"jetpack_featured_media_url":"","jetpack_shortlink":"https:\/\/wp.me\/p1fMVY-1dE","jetpack_sharing_enabled":true,"_links":{"self":[{"href":"https:\/\/www.psychologie-aktuell.info\/reha\/wp-json\/wp\/v2\/posts\/4690","targetHints":{"allow":["GET"]}}],"collection":[{"href":"https:\/\/www.psychologie-aktuell.info\/reha\/wp-json\/wp\/v2\/posts"}],"about":[{"href":"https:\/\/www.psychologie-aktuell.info\/reha\/wp-json\/wp\/v2\/types\/post"}],"author":[{"embeddable":true,"href":"https:\/\/www.psychologie-aktuell.info\/reha\/wp-json\/wp\/v2\/users\/1"}],"replies":[{"embeddable":true,"href":"https:\/\/www.psychologie-aktuell.info\/reha\/wp-json\/wp\/v2\/comments?post=4690"}],"version-history":[{"count":2,"href":"https:\/\/www.psychologie-aktuell.info\/reha\/wp-json\/wp\/v2\/posts\/4690\/revisions"}],"predecessor-version":[{"id":4692,"href":"https:\/\/www.psychologie-aktuell.info\/reha\/wp-json\/wp\/v2\/posts\/4690\/revisions\/4692"}],"wp:attachment":[{"href":"https:\/\/www.psychologie-aktuell.info\/reha\/wp-json\/wp\/v2\/media?parent=4690"}],"wp:term":[{"taxonomy":"category","embeddable":true,"href":"https:\/\/www.psychologie-aktuell.info\/reha\/wp-json\/wp\/v2\/categories?post=4690"},{"taxonomy":"post_tag","embeddable":true,"href":"https:\/\/www.psychologie-aktuell.info\/reha\/wp-json\/wp\/v2\/tags?post=4690"}],"curies":[{"name":"wp","href":"https:\/\/api.w.org\/{rel}","templated":true}]}}