{"id":4694,"date":"2011-12-20T16:48:43","date_gmt":"2011-12-20T15:48:43","guid":{"rendered":"http:\/\/www.psychologie-aktuell.info\/reha\/?p=4694"},"modified":"2011-12-20T16:48:49","modified_gmt":"2011-12-20T15:48:49","slug":"horst-eberhard-richter-psychoanalytiker-im-alter-von-88-jahren-gestorben","status":"publish","type":"post","link":"https:\/\/www.psychologie-aktuell.info\/reha\/2011\/12\/horst-eberhard-richter-psychoanalytiker-im-alter-von-88-jahren-gestorben\/","title":{"rendered":"Horst-Eberhard Richter (Psychoanalytiker) im Alter von 88 Jahren gestorben"},"content":{"rendered":"<blockquote><p>Er starb am Montag im Alter von 88 Jahren nach einer kurzen schweren Krankheit in Gie\u00dfen. Das teilte die Organisation Internationale \u00c4rzte f\u00fcr die Verh\u00fctung des Atomkrieges (IPPNW) unter Berufung auf Richters Familie mit, die Richter mitbegr\u00fcndet hatte.<\/p><\/blockquote>\n<p><a href=\"http:\/\/nachrichten.t-online.de\/horst-eberhard-richter-gestorben\/id_52538756\/index\">Horst-Eberhard Richter gestorben<\/a><\/p>\n","protected":false},"excerpt":{"rendered":"<p>Er starb am Montag im Alter von 88 Jahren nach einer kurzen schweren Krankheit in Gie\u00dfen. Das teilte die Organisation Internationale \u00c4rzte f\u00fcr die Verh\u00fctung des Atomkrieges (IPPNW) unter Berufung auf Richters Familie mit, die Richter mitbegr\u00fcndet hatte. Horst-Eberhard Richter &hellip; <a href=\"https:\/\/www.psychologie-aktuell.info\/reha\/2011\/12\/horst-eberhard-richter-psychoanalytiker-im-alter-von-88-jahren-gestorben\/\">Weiterlesen <span class=\"meta-nav\">&rarr;<\/span><\/a><\/p>\n","protected":false},"author":1,"featured_media":0,"comment_status":"closed","ping_status":"closed","sticky":false,"template":"","format":"standard","meta":{"_jetpack_memberships_contains_paid_content":false,"footnotes":""},"categories":[801],"tags":[],"class_list":["post-4694","post","type-post","status-publish","format-standard","hentry","category-links-zu-online-news"],"jetpack_featured_media_url":"","jetpack_shortlink":"https:\/\/wp.me\/p1fMVY-1dI","jetpack_sharing_enabled":true,"_links":{"self":[{"href":"https:\/\/www.psychologie-aktuell.info\/reha\/wp-json\/wp\/v2\/posts\/4694","targetHints":{"allow":["GET"]}}],"collection":[{"href":"https:\/\/www.psychologie-aktuell.info\/reha\/wp-json\/wp\/v2\/posts"}],"about":[{"href":"https:\/\/www.psychologie-aktuell.info\/reha\/wp-json\/wp\/v2\/types\/post"}],"author":[{"embeddable":true,"href":"https:\/\/www.psychologie-aktuell.info\/reha\/wp-json\/wp\/v2\/users\/1"}],"replies":[{"embeddable":true,"href":"https:\/\/www.psychologie-aktuell.info\/reha\/wp-json\/wp\/v2\/comments?post=4694"}],"version-history":[{"count":2,"href":"https:\/\/www.psychologie-aktuell.info\/reha\/wp-json\/wp\/v2\/posts\/4694\/revisions"}],"predecessor-version":[{"id":4696,"href":"https:\/\/www.psychologie-aktuell.info\/reha\/wp-json\/wp\/v2\/posts\/4694\/revisions\/4696"}],"wp:attachment":[{"href":"https:\/\/www.psychologie-aktuell.info\/reha\/wp-json\/wp\/v2\/media?parent=4694"}],"wp:term":[{"taxonomy":"category","embeddable":true,"href":"https:\/\/www.psychologie-aktuell.info\/reha\/wp-json\/wp\/v2\/categories?post=4694"},{"taxonomy":"post_tag","embeddable":true,"href":"https:\/\/www.psychologie-aktuell.info\/reha\/wp-json\/wp\/v2\/tags?post=4694"}],"curies":[{"name":"wp","href":"https:\/\/api.w.org\/{rel}","templated":true}]}}