{"id":4697,"date":"2011-12-21T11:38:31","date_gmt":"2011-12-21T10:38:31","guid":{"rendered":"http:\/\/www.psychologie-aktuell.info\/reha\/?p=4697"},"modified":"2011-12-21T11:38:36","modified_gmt":"2011-12-21T10:38:36","slug":"degemed-startet-kampagne-eine-milliarde-mehr","status":"publish","type":"post","link":"https:\/\/www.psychologie-aktuell.info\/reha\/2011\/12\/degemed-startet-kampagne-eine-milliarde-mehr\/","title":{"rendered":"DEGEMED startet Kampagne &#8222;Eine Milliarde MEHR!&#8220;"},"content":{"rendered":"<blockquote><p>Die vorhandenen Mittel f\u00fcr Leistungen zur Rehabilitation und Teilhabe reichen nicht mehr aus. Die DEGEMED startet daher heute die Kampagne &#8222;Eine Milliarde MEHR!&#8220;, um gegen\u00fcber Bundesregierung und Sozialpartnern eine bessere Finanzierung der Rehabilitation zu fordern. Wenn Unternehmen und soziale Sicherungssysteme in den kommenden Jahren weiterhin eine hohe Erwerbsbeteiligung \u00e4lterer Fachkr\u00e4fte anstreben, muss mehr als bisher in die Erhaltung der individuellen Erwerbsf\u00e4higkeit und in die Sicherung eines hohen Besch\u00e4ftigungsniveaus investiert werden.<\/p><\/blockquote>\n<p><a href=\"http:\/\/www.degemed.de\/newsbereich\/26-aktuelles\/112-degemed-startet-kampagne-qeine-milliarde-mehrq-.html\">DEGEMED startet Kampagne &#8222;Eine Milliarde MEHR!&#8220;<\/a><\/p>\n","protected":false},"excerpt":{"rendered":"<p>Die vorhandenen Mittel f\u00fcr Leistungen zur Rehabilitation und Teilhabe reichen nicht mehr aus. Die DEGEMED startet daher heute die Kampagne &#8222;Eine Milliarde MEHR!&#8220;, um gegen\u00fcber Bundesregierung und Sozialpartnern eine bessere Finanzierung der Rehabilitation zu fordern. Wenn Unternehmen und soziale Sicherungssysteme &hellip; <a href=\"https:\/\/www.psychologie-aktuell.info\/reha\/2011\/12\/degemed-startet-kampagne-eine-milliarde-mehr\/\">Weiterlesen <span class=\"meta-nav\">&rarr;<\/span><\/a><\/p>\n","protected":false},"author":1,"featured_media":0,"comment_status":"closed","ping_status":"closed","sticky":false,"template":"","format":"standard","meta":{"_jetpack_memberships_contains_paid_content":false,"footnotes":""},"categories":[801],"tags":[],"class_list":["post-4697","post","type-post","status-publish","format-standard","hentry","category-links-zu-online-news"],"jetpack_featured_media_url":"","jetpack_shortlink":"https:\/\/wp.me\/p1fMVY-1dL","jetpack_sharing_enabled":true,"_links":{"self":[{"href":"https:\/\/www.psychologie-aktuell.info\/reha\/wp-json\/wp\/v2\/posts\/4697","targetHints":{"allow":["GET"]}}],"collection":[{"href":"https:\/\/www.psychologie-aktuell.info\/reha\/wp-json\/wp\/v2\/posts"}],"about":[{"href":"https:\/\/www.psychologie-aktuell.info\/reha\/wp-json\/wp\/v2\/types\/post"}],"author":[{"embeddable":true,"href":"https:\/\/www.psychologie-aktuell.info\/reha\/wp-json\/wp\/v2\/users\/1"}],"replies":[{"embeddable":true,"href":"https:\/\/www.psychologie-aktuell.info\/reha\/wp-json\/wp\/v2\/comments?post=4697"}],"version-history":[{"count":2,"href":"https:\/\/www.psychologie-aktuell.info\/reha\/wp-json\/wp\/v2\/posts\/4697\/revisions"}],"predecessor-version":[{"id":4699,"href":"https:\/\/www.psychologie-aktuell.info\/reha\/wp-json\/wp\/v2\/posts\/4697\/revisions\/4699"}],"wp:attachment":[{"href":"https:\/\/www.psychologie-aktuell.info\/reha\/wp-json\/wp\/v2\/media?parent=4697"}],"wp:term":[{"taxonomy":"category","embeddable":true,"href":"https:\/\/www.psychologie-aktuell.info\/reha\/wp-json\/wp\/v2\/categories?post=4697"},{"taxonomy":"post_tag","embeddable":true,"href":"https:\/\/www.psychologie-aktuell.info\/reha\/wp-json\/wp\/v2\/tags?post=4697"}],"curies":[{"name":"wp","href":"https:\/\/api.w.org\/{rel}","templated":true}]}}