{"id":4700,"date":"2011-12-22T18:53:54","date_gmt":"2011-12-22T17:53:54","guid":{"rendered":"http:\/\/www.psychologie-aktuell.info\/reha\/?p=4700"},"modified":"2011-12-22T18:53:59","modified_gmt":"2011-12-22T17:53:59","slug":"bptk-nicht-jede-berufliche-belastung-fuhrt-zu-einem-burn-out","status":"publish","type":"post","link":"https:\/\/www.psychologie-aktuell.info\/reha\/2011\/12\/bptk-nicht-jede-berufliche-belastung-fuhrt-zu-einem-burn-out\/","title":{"rendered":"BPtK: Nicht jede berufliche Belastung f\u00fchrt zu einem Burn-out"},"content":{"rendered":"<blockquote><p>(BPtK) Nicht jede berufliche Belastung f\u00fchrt zu einem Burn-out. Eine regelm\u00e4\u00dfige Besch\u00e4ftigung kann die psychische Gesundheit auch st\u00e4rken. Dies ergab eine aktuelle Auswertung der Bundespsychotherapeutenkammer (BPtK) von epidemiologischen Daten und Gesundheitsreporten der gesetzlichen Krankenversicherung. Berufst\u00e4tige Frauen erkranken deutlich seltener an einer Depression. Dagegen leiden Arbeitslose bei Weitem h\u00e4ufiger an psychischen Erkrankungen als Erwerbst\u00e4tige. \u201eMit seiner Arbeit seinen Lebensunterhalt selbst bestreiten zu k\u00f6nnen, beeinflusst die seelische Gesundheit. Die moderne Dienstleistungsgesellschaft stellt zwar weit h\u00f6here Anforderungen an die psychosoziale Belastbarkeit am Arbeitsplatz. Seelisch ist es jedoch noch belastender, keine bezahlte Arbeit zu haben\u201c, stellt BPtK-Pr\u00e4sident Prof. Dr. Rainer Richter fest.<\/p><\/blockquote>\n<p><a href=\"http:\/\/www.lpk-bw.de\/archiv\/news2011\/111129_bptk_erwerbstaetigkeit_psyche_staerken.html\">LPK Baden-W\u00fcrttemberg<\/a><\/p>\n","protected":false},"excerpt":{"rendered":"<p>(BPtK) Nicht jede berufliche Belastung f\u00fchrt zu einem Burn-out. Eine regelm\u00e4\u00dfige Besch\u00e4ftigung kann die psychische Gesundheit auch st\u00e4rken. Dies ergab eine aktuelle Auswertung der Bundespsychotherapeutenkammer (BPtK) von epidemiologischen Daten und Gesundheitsreporten der gesetzlichen Krankenversicherung. Berufst\u00e4tige Frauen erkranken deutlich seltener an &hellip; <a href=\"https:\/\/www.psychologie-aktuell.info\/reha\/2011\/12\/bptk-nicht-jede-berufliche-belastung-fuhrt-zu-einem-burn-out\/\">Weiterlesen <span class=\"meta-nav\">&rarr;<\/span><\/a><\/p>\n","protected":false},"author":1,"featured_media":0,"comment_status":"closed","ping_status":"closed","sticky":false,"template":"","format":"standard","meta":{"_jetpack_memberships_contains_paid_content":false,"footnotes":""},"categories":[21],"tags":[],"class_list":["post-4700","post","type-post","status-publish","format-standard","hentry","category-zeitschriftenartikel"],"jetpack_featured_media_url":"","jetpack_shortlink":"https:\/\/wp.me\/p1fMVY-1dO","jetpack_sharing_enabled":true,"_links":{"self":[{"href":"https:\/\/www.psychologie-aktuell.info\/reha\/wp-json\/wp\/v2\/posts\/4700","targetHints":{"allow":["GET"]}}],"collection":[{"href":"https:\/\/www.psychologie-aktuell.info\/reha\/wp-json\/wp\/v2\/posts"}],"about":[{"href":"https:\/\/www.psychologie-aktuell.info\/reha\/wp-json\/wp\/v2\/types\/post"}],"author":[{"embeddable":true,"href":"https:\/\/www.psychologie-aktuell.info\/reha\/wp-json\/wp\/v2\/users\/1"}],"replies":[{"embeddable":true,"href":"https:\/\/www.psychologie-aktuell.info\/reha\/wp-json\/wp\/v2\/comments?post=4700"}],"version-history":[{"count":2,"href":"https:\/\/www.psychologie-aktuell.info\/reha\/wp-json\/wp\/v2\/posts\/4700\/revisions"}],"predecessor-version":[{"id":4702,"href":"https:\/\/www.psychologie-aktuell.info\/reha\/wp-json\/wp\/v2\/posts\/4700\/revisions\/4702"}],"wp:attachment":[{"href":"https:\/\/www.psychologie-aktuell.info\/reha\/wp-json\/wp\/v2\/media?parent=4700"}],"wp:term":[{"taxonomy":"category","embeddable":true,"href":"https:\/\/www.psychologie-aktuell.info\/reha\/wp-json\/wp\/v2\/categories?post=4700"},{"taxonomy":"post_tag","embeddable":true,"href":"https:\/\/www.psychologie-aktuell.info\/reha\/wp-json\/wp\/v2\/tags?post=4700"}],"curies":[{"name":"wp","href":"https:\/\/api.w.org\/{rel}","templated":true}]}}