{"id":4703,"date":"2011-12-23T16:43:47","date_gmt":"2011-12-23T15:43:47","guid":{"rendered":"http:\/\/www.psychologie-aktuell.info\/reha\/?p=4703"},"modified":"2011-12-23T16:43:53","modified_gmt":"2011-12-23T15:43:53","slug":"depressionen-im-alter-das-ganze-scheisleben-das-ich-gefuhrt-habe","status":"publish","type":"post","link":"https:\/\/www.psychologie-aktuell.info\/reha\/2011\/12\/depressionen-im-alter-das-ganze-scheisleben-das-ich-gefuhrt-habe\/","title":{"rendered":"Depressionen im Alter: &#8222;Das ganze Schei\u00dfleben, das ich gef\u00fchrt habe&#8220;"},"content":{"rendered":"<blockquote><p><b>Annette Langer (Spiegel-Online)<\/b><br \/>Einsam, gebrechlich, machtlos: Wer das Alter als lustige Best-Ager-Party verkl\u00e4rt, l\u00fcgt. Immer mehr \u00fcber 60-J\u00e4hrige leiden unter Depressionen. \u00c4rzte und Betroffene erz\u00e4hlen, wie sie die Abw\u00e4rtsspirale durchbrechen. &#8230; Wir werden alle immer \u00e4lter &#8211; und das ist in den seltensten F\u00e4llen eine spa\u00dfige Angelegenheit. Mit dem Renteneintritt schwindet <!--more-->der gesellschaftliche Einfluss, der Verlust von Zukunft und Verantwortung hat mitunter katastrophale Folgen f\u00fcr das Selbstwertgef\u00fchl. Wer zudem chronisch krank ist, finanzielle Probleme hat oder seinen Lebenspartner verliert, hat statistisch gesehen ein hohes Risiko, auch als Hochbetagter noch an einer Depression zu erkranken. Knapp zwei Drittel der \u00fcber 65-J\u00e4hrigen leben inzwischen allein &#8211; was sie laut Experten anf\u00e4lliger macht f\u00fcr Depressionen. Alarmierend: Fast 40 Prozent aller Suizide im Land werden von M\u00e4nnern \u00fcber 60 begangen. Gerade diese Gruppe geht aber am seltensten zur Therapie, wie Untersuchungen ergeben haben. Bei den Frauen ist jede Zweite, die sich selbst t\u00f6tet, \u00e4lter als 60.<\/p><\/blockquote>\n<p><a href=\"http:\/\/www.spiegel.de\/panorama\/gesellschaft\/0,1518,801834,00.html\">Depressionen im Alter: &#8222;Das ganze Schei\u00dfleben, das ich gef\u00fchrt habe&#8220; &#8211; SPIEGEL ONLINE &#8211; Nachrichten &#8211; Panorama<\/a><\/p>\n","protected":false},"excerpt":{"rendered":"<p>Annette Langer (Spiegel-Online)Einsam, gebrechlich, machtlos: Wer das Alter als lustige Best-Ager-Party verkl\u00e4rt, l\u00fcgt. Immer mehr \u00fcber 60-J\u00e4hrige leiden unter Depressionen. \u00c4rzte und Betroffene erz\u00e4hlen, wie sie die Abw\u00e4rtsspirale durchbrechen. &#8230; Wir werden alle immer \u00e4lter &#8211; und das ist in &hellip; <a href=\"https:\/\/www.psychologie-aktuell.info\/reha\/2011\/12\/depressionen-im-alter-das-ganze-scheisleben-das-ich-gefuhrt-habe\/\">Weiterlesen <span class=\"meta-nav\">&rarr;<\/span><\/a><\/p>\n","protected":false},"author":1,"featured_media":0,"comment_status":"closed","ping_status":"closed","sticky":false,"template":"","format":"standard","meta":{"_jetpack_memberships_contains_paid_content":false,"footnotes":""},"categories":[801],"tags":[],"class_list":["post-4703","post","type-post","status-publish","format-standard","hentry","category-links-zu-online-news"],"jetpack_featured_media_url":"","jetpack_shortlink":"https:\/\/wp.me\/p1fMVY-1dR","jetpack_sharing_enabled":true,"_links":{"self":[{"href":"https:\/\/www.psychologie-aktuell.info\/reha\/wp-json\/wp\/v2\/posts\/4703","targetHints":{"allow":["GET"]}}],"collection":[{"href":"https:\/\/www.psychologie-aktuell.info\/reha\/wp-json\/wp\/v2\/posts"}],"about":[{"href":"https:\/\/www.psychologie-aktuell.info\/reha\/wp-json\/wp\/v2\/types\/post"}],"author":[{"embeddable":true,"href":"https:\/\/www.psychologie-aktuell.info\/reha\/wp-json\/wp\/v2\/users\/1"}],"replies":[{"embeddable":true,"href":"https:\/\/www.psychologie-aktuell.info\/reha\/wp-json\/wp\/v2\/comments?post=4703"}],"version-history":[{"count":2,"href":"https:\/\/www.psychologie-aktuell.info\/reha\/wp-json\/wp\/v2\/posts\/4703\/revisions"}],"predecessor-version":[{"id":4705,"href":"https:\/\/www.psychologie-aktuell.info\/reha\/wp-json\/wp\/v2\/posts\/4703\/revisions\/4705"}],"wp:attachment":[{"href":"https:\/\/www.psychologie-aktuell.info\/reha\/wp-json\/wp\/v2\/media?parent=4703"}],"wp:term":[{"taxonomy":"category","embeddable":true,"href":"https:\/\/www.psychologie-aktuell.info\/reha\/wp-json\/wp\/v2\/categories?post=4703"},{"taxonomy":"post_tag","embeddable":true,"href":"https:\/\/www.psychologie-aktuell.info\/reha\/wp-json\/wp\/v2\/tags?post=4703"}],"curies":[{"name":"wp","href":"https:\/\/api.w.org\/{rel}","templated":true}]}}