{"id":479,"date":"2009-06-02T08:32:00","date_gmt":"2009-06-02T06:32:00","guid":{"rendered":"http:\/\/www.reha-psychologie.net\/reha\/2009\/06\/soziale-phobie-eine-im-psychosomatischen-ambulanz-und-konsildienst-unterdiagnostizierte-angsterkrankung\/"},"modified":"2009-06-01T12:37:35","modified_gmt":"2009-06-01T10:37:35","slug":"soziale-phobie-eine-im-psychosomatischen-ambulanz-und-konsildienst-unterdiagnostizierte-angsterkrankung","status":"publish","type":"post","link":"https:\/\/www.psychologie-aktuell.info\/reha\/2009\/06\/soziale-phobie-eine-im-psychosomatischen-ambulanz-und-konsildienst-unterdiagnostizierte-angsterkrankung\/","title":{"rendered":"Soziale Phobie &#8211; eine im psychosomatischen Ambulanz- und Konsildienst unterdiagnostizierte Angsterkrankung?"},"content":{"rendered":"<blockquote><p>Ausgehend von der Beobachtung, dass soziale \u00c4ngste im Ambulanz sowie Konsil- und Liaisondienst h\u00e4ufig zu finden sind, die Diagnose einer Sozialen Phobie jedoch vergleichsweise selten vergeben wird, \u00fcberpr\u00fcften wir die klinischen Diagnosen nach ICD-10 einer Psychosomatischen Universit\u00e4tsklinik. Dazu wurde auf die Liebowitz Soziale Angstskala (LSAS) als Selbstbeschreibungsverfahren zur\u00fcckgegriffen. Anhand der Basisdokumentation wurden 688 Patienten eines Jahrgangs hinsichtlich ihrer klinischen Diagnosen, selbst beschriebenen sozialen \u00c4ngste (LSAS), psychischem Distress (SCL-90R) und psychosomatischen Beschwerden (GBB-24) untersucht&#8230; <\/p><\/blockquote>\n<p>Quelle: <a href=\"http:\/\/www.thieme-connect.com\/DOI\/DOI10.1055\/s-0029-1220692\">Thieme eJournals &#8211; Abstract<\/a><\/p>\n","protected":false},"excerpt":{"rendered":"<p>Ausgehend von der Beobachtung, dass soziale \u00c4ngste im Ambulanz sowie Konsil- und Liaisondienst h\u00e4ufig zu finden sind, die Diagnose einer Sozialen Phobie jedoch vergleichsweise selten vergeben wird, \u00fcberpr\u00fcften wir die klinischen Diagnosen nach ICD-10 einer Psychosomatischen Universit\u00e4tsklinik. Dazu wurde auf &hellip; <a href=\"https:\/\/www.psychologie-aktuell.info\/reha\/2009\/06\/soziale-phobie-eine-im-psychosomatischen-ambulanz-und-konsildienst-unterdiagnostizierte-angsterkrankung\/\">Weiterlesen <span class=\"meta-nav\">&rarr;<\/span><\/a><\/p>\n","protected":false},"author":1,"featured_media":0,"comment_status":"open","ping_status":"open","sticky":false,"template":"","format":"standard","meta":{"_jetpack_memberships_contains_paid_content":false,"footnotes":""},"categories":[21],"tags":[28],"class_list":["post-479","post","type-post","status-publish","format-standard","hentry","category-zeitschriftenartikel","tag-angst-panik"],"jetpack_featured_media_url":"","jetpack_shortlink":"https:\/\/wp.me\/p1fMVY-7J","jetpack_sharing_enabled":true,"_links":{"self":[{"href":"https:\/\/www.psychologie-aktuell.info\/reha\/wp-json\/wp\/v2\/posts\/479","targetHints":{"allow":["GET"]}}],"collection":[{"href":"https:\/\/www.psychologie-aktuell.info\/reha\/wp-json\/wp\/v2\/posts"}],"about":[{"href":"https:\/\/www.psychologie-aktuell.info\/reha\/wp-json\/wp\/v2\/types\/post"}],"author":[{"embeddable":true,"href":"https:\/\/www.psychologie-aktuell.info\/reha\/wp-json\/wp\/v2\/users\/1"}],"replies":[{"embeddable":true,"href":"https:\/\/www.psychologie-aktuell.info\/reha\/wp-json\/wp\/v2\/comments?post=479"}],"version-history":[{"count":1,"href":"https:\/\/www.psychologie-aktuell.info\/reha\/wp-json\/wp\/v2\/posts\/479\/revisions"}],"predecessor-version":[{"id":480,"href":"https:\/\/www.psychologie-aktuell.info\/reha\/wp-json\/wp\/v2\/posts\/479\/revisions\/480"}],"wp:attachment":[{"href":"https:\/\/www.psychologie-aktuell.info\/reha\/wp-json\/wp\/v2\/media?parent=479"}],"wp:term":[{"taxonomy":"category","embeddable":true,"href":"https:\/\/www.psychologie-aktuell.info\/reha\/wp-json\/wp\/v2\/categories?post=479"},{"taxonomy":"post_tag","embeddable":true,"href":"https:\/\/www.psychologie-aktuell.info\/reha\/wp-json\/wp\/v2\/tags?post=479"}],"curies":[{"name":"wp","href":"https:\/\/api.w.org\/{rel}","templated":true}]}}