{"id":48,"date":"2007-09-11T11:33:12","date_gmt":"2007-09-11T09:33:12","guid":{"rendered":"http:\/\/reha-psychologie.net\/reha\/?p=48"},"modified":"2008-07-19T16:52:16","modified_gmt":"2008-07-19T14:52:16","slug":"2-reha-symposium-%e2%80%9echronische-erkrankung-und-berufliche-realitat-neues-zur-medizinisch-beruflichen-rehabilitation%e2%80%9c","status":"publish","type":"post","link":"https:\/\/www.psychologie-aktuell.info\/reha\/2007\/09\/2-reha-symposium-%e2%80%9echronische-erkrankung-und-berufliche-realitat-neues-zur-medizinisch-beruflichen-rehabilitation%e2%80%9c\/","title":{"rendered":"2. Reha-Symposium &#8222;Chronische Erkrankung und berufliche Realit\u00e4t &#8211; Neues zur medizinisch-beruflichen Rehabilitation&#8220;"},"content":{"rendered":"<p>Von 19. bis 20. Oktober 2007 findet in Prien am Chiemsee das 2. Reha-Symposium &#8222;Chronische Erkrankung und berufliche Realit\u00e4t &#8211; Neues zur medizinisch-beruflichen Rehabilitation&#8220; des Netzwerk Rehabilitationsforschung in Bayern e.V. (NRFB) statt, in Kooperation mit der\u00c2\u00a0Klinik Roseneck, Prien a. Chiemsee.<\/p>\n<p>Den Programmflyer finden Sie unter <a href=\"http:\/\/www.rehawissenschaft.uni-wuerzburg.de\/aktuell\/Flyer_NRFB-Symposium-Prien-2007_StandJuli07.pdf\">http:\/\/www.rehawissenschaft.uni-wuerzburg.de\/aktuell\/Flyer_NRFB-Symposium-Prien-2007_StandJuli07.pdf<\/a>.<\/p>\n<p><!--more-->Einerseits boomt die Wirtschaft, der Arbeitsmarkt entspannt sich. Andererseits sind die qualitativen wie quantitativen Anforderungen an die arbeitende Bev\u00f6lkerung erheblich gestiegen. F\u00fcr chronisch kranke und in ihrer Leistungsf\u00e4higkeit und Flexibilit\u00e4t limitierte Menschen wird es zunehmend schwieriger mitzuhalten. Berufliche Belastungen wiederum k\u00f6nnen, im Sinne eines Teufelskreises, den Verlauf der Erkrankungen negativ beeinflussen. Vor diesem Hintergrund liegt der inhaltliche Schwerpunkt des zweiten Reha-Symposiums des NRFB auf Fragen der medizinisch-beruflich orientierten Rehabilitation.\u00c2\u00a0Aktuelle Forschungsergebnisse werden vorgestellt und diskutiert. Erg\u00e4nzend besch\u00e4ftigt sich ein &#8222;Forum Sozialtherapie&#8220; mit M\u00f6glichkeiten und Grenzen sozialtherapeutischer Arbeit angesichts der aktuellen Probleme in der Arbeitswelt.<\/p>\n<p>Mit Posterausstellung und -pr\u00e4mierung l\u00e4dt das NRFB die Teilnehmer des Symposiums wieder herzlich ein, unter dem inhaltlich offenen Motto &#8222;Reha-Forschung in Bayern&#8220; eigene Forschungsarbeiten vorzustellen.<\/p>\n","protected":false},"excerpt":{"rendered":"<p>Von 19. bis 20. Oktober 2007 findet in Prien am Chiemsee das 2. Reha-Symposium &#8222;Chronische Erkrankung und berufliche Realit\u00e4t &#8211; Neues zur medizinisch-beruflichen Rehabilitation&#8220; des Netzwerk Rehabilitationsforschung in Bayern e.V. (NRFB) statt, in Kooperation mit der\u00c2\u00a0Klinik Roseneck, Prien a. Chiemsee. &hellip; <a href=\"https:\/\/www.psychologie-aktuell.info\/reha\/2007\/09\/2-reha-symposium-%e2%80%9echronische-erkrankung-und-berufliche-realitat-neues-zur-medizinisch-beruflichen-rehabilitation%e2%80%9c\/\">Weiterlesen <span class=\"meta-nav\">&rarr;<\/span><\/a><\/p>\n","protected":false},"author":4,"featured_media":0,"comment_status":"open","ping_status":"open","sticky":false,"template":"","format":"standard","meta":{"_jetpack_memberships_contains_paid_content":false,"footnotes":""},"categories":[36],"tags":[29],"class_list":["post-48","post","type-post","status-publish","format-standard","hentry","category-termine","tag-arbeit-beruf"],"jetpack_featured_media_url":"","jetpack_shortlink":"https:\/\/wp.me\/p1fMVY-M","jetpack_sharing_enabled":true,"_links":{"self":[{"href":"https:\/\/www.psychologie-aktuell.info\/reha\/wp-json\/wp\/v2\/posts\/48","targetHints":{"allow":["GET"]}}],"collection":[{"href":"https:\/\/www.psychologie-aktuell.info\/reha\/wp-json\/wp\/v2\/posts"}],"about":[{"href":"https:\/\/www.psychologie-aktuell.info\/reha\/wp-json\/wp\/v2\/types\/post"}],"author":[{"embeddable":true,"href":"https:\/\/www.psychologie-aktuell.info\/reha\/wp-json\/wp\/v2\/users\/4"}],"replies":[{"embeddable":true,"href":"https:\/\/www.psychologie-aktuell.info\/reha\/wp-json\/wp\/v2\/comments?post=48"}],"version-history":[{"count":0,"href":"https:\/\/www.psychologie-aktuell.info\/reha\/wp-json\/wp\/v2\/posts\/48\/revisions"}],"wp:attachment":[{"href":"https:\/\/www.psychologie-aktuell.info\/reha\/wp-json\/wp\/v2\/media?parent=48"}],"wp:term":[{"taxonomy":"category","embeddable":true,"href":"https:\/\/www.psychologie-aktuell.info\/reha\/wp-json\/wp\/v2\/categories?post=48"},{"taxonomy":"post_tag","embeddable":true,"href":"https:\/\/www.psychologie-aktuell.info\/reha\/wp-json\/wp\/v2\/tags?post=48"}],"curies":[{"name":"wp","href":"https:\/\/api.w.org\/{rel}","templated":true}]}}