{"id":5057,"date":"2012-03-27T08:08:34","date_gmt":"2012-03-27T07:08:34","guid":{"rendered":"http:\/\/www.psychologie-aktuell.info\/reha\/?p=5057"},"modified":"2012-03-23T11:22:45","modified_gmt":"2012-03-23T10:22:45","slug":"nicht-suizidale-selbstverletzung-nssv-und-suizidalitat-in-der-adoleszenz-2","status":"publish","type":"post","link":"https:\/\/www.psychologie-aktuell.info\/reha\/2012\/03\/nicht-suizidale-selbstverletzung-nssv-und-suizidalitat-in-der-adoleszenz-2\/","title":{"rendered":"Nicht-suizidale Selbstverletzung (NSSV) und Suizidalit\u00e4t in der Adoleszenz"},"content":{"rendered":"<blockquote><p><b>Paul L. Plener, J\u00f6rg M. Fegert, Harald J. Freyberger<\/b><br \/>Sowohl Nicht-suizidale Selbstverletzungen (NSSV) als auch suizidale Verhaltensweisen (etwa suizidale Gedanken, Suizidversuche) haben ihren Beginn in der Adoleszenz. In den letzten Jahren kam es zu einer zunehmenden Differenzierung zwischen NSSV und Suizidalit\u00e4t, was letztlich auch zum Vorschlag <!--more-->einer eigenst\u00e4ndigen Diagnose f\u00fcr NSSV zur Aufnahme in das DSM-5 f\u00fchrte. Die vorliegende Arbeit soll basierend auf einer \u00dcbersicht der aktuellen Literatur einen \u00dcberblick \u00fcber Definition, Epidemiologie, \u00c4tiologie und Therapie von NSSV und Suizidalit\u00e4t im Jugendalter geben. Die Funktion von NSSV als Mittel der Stress-Regulation wird sowohl durch neurobiologische als auch durch psychologische Studien gest\u00fctzt. Auch wenn NSSV und Suizidalit\u00e4t anhand der Absicht zu sterben unterschieden werden k\u00f6nnen, muss NSSV als Risikofaktor f\u00fcr sp\u00e4tere Suizidversuche beachtet werden.<\/p><\/blockquote>\n<p><a href=\"http:\/\/psycontent.metapress.com\/content\/f3714uu67073k161\/\">PsyCONTENT &#8211; Zeitschriftenbeitrag<\/a><\/p>\n","protected":false},"excerpt":{"rendered":"<p>Paul L. Plener, J\u00f6rg M. Fegert, Harald J. FreybergerSowohl Nicht-suizidale Selbstverletzungen (NSSV) als auch suizidale Verhaltensweisen (etwa suizidale Gedanken, Suizidversuche) haben ihren Beginn in der Adoleszenz. In den letzten Jahren kam es zu einer zunehmenden Differenzierung zwischen NSSV und Suizidalit\u00e4t, &hellip; <a href=\"https:\/\/www.psychologie-aktuell.info\/reha\/2012\/03\/nicht-suizidale-selbstverletzung-nssv-und-suizidalitat-in-der-adoleszenz-2\/\">Weiterlesen <span class=\"meta-nav\">&rarr;<\/span><\/a><\/p>\n","protected":false},"author":29,"featured_media":0,"comment_status":"closed","ping_status":"closed","sticky":false,"template":"","format":"standard","meta":{"_jetpack_memberships_contains_paid_content":false,"footnotes":""},"categories":[21],"tags":[],"class_list":["post-5057","post","type-post","status-publish","format-standard","hentry","category-zeitschriftenartikel"],"jetpack_featured_media_url":"","jetpack_shortlink":"https:\/\/wp.me\/p1fMVY-1jz","jetpack_sharing_enabled":true,"_links":{"self":[{"href":"https:\/\/www.psychologie-aktuell.info\/reha\/wp-json\/wp\/v2\/posts\/5057","targetHints":{"allow":["GET"]}}],"collection":[{"href":"https:\/\/www.psychologie-aktuell.info\/reha\/wp-json\/wp\/v2\/posts"}],"about":[{"href":"https:\/\/www.psychologie-aktuell.info\/reha\/wp-json\/wp\/v2\/types\/post"}],"author":[{"embeddable":true,"href":"https:\/\/www.psychologie-aktuell.info\/reha\/wp-json\/wp\/v2\/users\/29"}],"replies":[{"embeddable":true,"href":"https:\/\/www.psychologie-aktuell.info\/reha\/wp-json\/wp\/v2\/comments?post=5057"}],"version-history":[{"count":3,"href":"https:\/\/www.psychologie-aktuell.info\/reha\/wp-json\/wp\/v2\/posts\/5057\/revisions"}],"predecessor-version":[{"id":5222,"href":"https:\/\/www.psychologie-aktuell.info\/reha\/wp-json\/wp\/v2\/posts\/5057\/revisions\/5222"}],"wp:attachment":[{"href":"https:\/\/www.psychologie-aktuell.info\/reha\/wp-json\/wp\/v2\/media?parent=5057"}],"wp:term":[{"taxonomy":"category","embeddable":true,"href":"https:\/\/www.psychologie-aktuell.info\/reha\/wp-json\/wp\/v2\/categories?post=5057"},{"taxonomy":"post_tag","embeddable":true,"href":"https:\/\/www.psychologie-aktuell.info\/reha\/wp-json\/wp\/v2\/tags?post=5057"}],"curies":[{"name":"wp","href":"https:\/\/api.w.org\/{rel}","templated":true}]}}