{"id":51,"date":"2007-09-18T11:23:49","date_gmt":"2007-09-18T09:23:49","guid":{"rendered":"http:\/\/reha-psychologie.net\/reha\/?p=51"},"modified":"2008-07-19T17:40:31","modified_gmt":"2008-07-19T15:40:31","slug":"publikation-lebensstilanderungen-in-pravention-und-rehabilitation","status":"publish","type":"post","link":"https:\/\/www.psychologie-aktuell.info\/reha\/2007\/09\/publikation-lebensstilanderungen-in-pravention-und-rehabilitation\/","title":{"rendered":"Publikation &#8222;Lebensstil\u00e4nderungen in Pr\u00e4vention und Rehabilitation&#8220;"},"content":{"rendered":"<p>Mit\u00c2\u00a0dem Abstractband\u00c2\u00a0&#8222;Lebensstil\u00e4nderungen in Pr\u00e4vention und Rehabilitation&#8220; werden die zahlreichen Beitr\u00e4ge\u00c2\u00a0des 7. Kongresses f\u00fcr Gesundheitspsychologie der Fachgruppe Gesundheitspsychologie der Deutschen Gesellschaft f\u00fcr Psychologie (DGPs) vom 22. bis 24.9.2005 in Freiburg zusammengefasst vorgestellt. <!--more--><\/p>\n<p>Helmes A. (Hrsg.) (2005). Lebensstil\u00e4nderungen in Pr\u00e4vention und Rehabilitation. Abstractband zum 7. Kongress f\u00fcr Gesundheitspsychologie der Deutschen Gesellschaft f\u00fcr Psychologie. Pabst Science Publishers, Lengerich. 160 Seiten, ISBN 3-89967-263-1, Preis:\u00c2\u00a020,- Euro<\/p>\n","protected":false},"excerpt":{"rendered":"<p>Mit\u00c2\u00a0dem Abstractband\u00c2\u00a0&#8222;Lebensstil\u00e4nderungen in Pr\u00e4vention und Rehabilitation&#8220; werden die zahlreichen Beitr\u00e4ge\u00c2\u00a0des 7. Kongresses f\u00fcr Gesundheitspsychologie der Fachgruppe Gesundheitspsychologie der Deutschen Gesellschaft f\u00fcr Psychologie (DGPs) vom 22. bis 24.9.2005 in Freiburg zusammengefasst vorgestellt.<\/p>\n","protected":false},"author":4,"featured_media":0,"comment_status":"open","ping_status":"open","sticky":false,"template":"","format":"standard","meta":{"_jetpack_memberships_contains_paid_content":false,"footnotes":""},"categories":[],"tags":[43],"class_list":["post-51","post","type-post","status-publish","format-standard","hentry","tag-bucher-literatur"],"jetpack_featured_media_url":"","jetpack_shortlink":"https:\/\/wp.me\/p1fMVY-P","jetpack_sharing_enabled":true,"_links":{"self":[{"href":"https:\/\/www.psychologie-aktuell.info\/reha\/wp-json\/wp\/v2\/posts\/51","targetHints":{"allow":["GET"]}}],"collection":[{"href":"https:\/\/www.psychologie-aktuell.info\/reha\/wp-json\/wp\/v2\/posts"}],"about":[{"href":"https:\/\/www.psychologie-aktuell.info\/reha\/wp-json\/wp\/v2\/types\/post"}],"author":[{"embeddable":true,"href":"https:\/\/www.psychologie-aktuell.info\/reha\/wp-json\/wp\/v2\/users\/4"}],"replies":[{"embeddable":true,"href":"https:\/\/www.psychologie-aktuell.info\/reha\/wp-json\/wp\/v2\/comments?post=51"}],"version-history":[{"count":0,"href":"https:\/\/www.psychologie-aktuell.info\/reha\/wp-json\/wp\/v2\/posts\/51\/revisions"}],"wp:attachment":[{"href":"https:\/\/www.psychologie-aktuell.info\/reha\/wp-json\/wp\/v2\/media?parent=51"}],"wp:term":[{"taxonomy":"category","embeddable":true,"href":"https:\/\/www.psychologie-aktuell.info\/reha\/wp-json\/wp\/v2\/categories?post=51"},{"taxonomy":"post_tag","embeddable":true,"href":"https:\/\/www.psychologie-aktuell.info\/reha\/wp-json\/wp\/v2\/tags?post=51"}],"curies":[{"name":"wp","href":"https:\/\/api.w.org\/{rel}","templated":true}]}}