{"id":520,"date":"2009-07-11T22:54:00","date_gmt":"2009-07-11T20:54:00","guid":{"rendered":"http:\/\/www.reha-psychologie.net\/reha\/2009\/07\/nationale-versorgungsleitlinie-zur-unipolaren-depression\/"},"modified":"2010-09-05T15:40:15","modified_gmt":"2010-09-05T13:40:15","slug":"nationale-versorgungsleitlinie-zur-unipolaren-depression","status":"publish","type":"post","link":"https:\/\/www.psychologie-aktuell.info\/reha\/2009\/07\/nationale-versorgungsleitlinie-zur-unipolaren-depression\/","title":{"rendered":"Nationale Versorgungsleitlinie zur unipolaren Depression"},"content":{"rendered":"<blockquote><p>Einer von 20 Menschen in Deutschland leidet an Depressionen. Doch Experten sch\u00e4tzen, dass die Erkrankung in rund der H\u00e4lfte der F\u00e4lle nicht erkannt und ergo nicht ad\u00e4quat behandelt wird. Eine neue evidenzbasierte Leitlinie soll Abhilfe schaffen. Bis zum 28. August 2009 besteht f\u00fcr die interessierte<br \/>\n\u00c3\u2013ffentlichkeit sowie f\u00fcr die Fach\u00f6ffentlichkeit die<br \/>\nM\u00f6glichkeit, diese Leitlinie zu kommentieren oder Erg\u00e4nzungs-<br \/>\nbzw. \u00c4nderungsvorschl\u00e4ge einzubringen.<br \/><a href=\"http:\/\/www.depression.versorgungsleitlinien.de\/\">Offizielle \u00dcbersicht zur Versorgungsleitlinie Depression<\/a><br \/><!--more-->Nach Angaben der Weltgesundheitsorganisiation geh\u00f6ren Depressionen<br \/>\nzu den h\u00e4ufigsten psychischen Leiden \u00fcberhaupt. Experten<br \/>\nsch\u00e4tzen, dass sie im Jahre 2030 auf Platz 1 der Krankheiten<br \/>\nstehen, an denen Menschen in den industrialisierten L\u00e4ndern<br \/>\nleiden. Allein in Deutschland sind bereits heute sch\u00e4tzungsweise<br \/>\nf\u00fcnf Prozent der Bev\u00f6lkerung, also etwa vier Millionen<br \/>\nMenschen, betroffen<\/p><\/blockquote>\n<p>Quelle: Depressiv und unterversorgt (08.06.09) &#8211; aerztlichepraxis.de<\/p>\n","protected":false},"excerpt":{"rendered":"<p>Einer von 20 Menschen in Deutschland leidet an Depressionen. Doch Experten sch\u00e4tzen, dass die Erkrankung in rund der H\u00e4lfte der F\u00e4lle nicht erkannt und ergo nicht ad\u00e4quat behandelt wird. Eine neue evidenzbasierte Leitlinie soll Abhilfe schaffen. Bis zum 28. August &hellip; <a href=\"https:\/\/www.psychologie-aktuell.info\/reha\/2009\/07\/nationale-versorgungsleitlinie-zur-unipolaren-depression\/\">Weiterlesen <span class=\"meta-nav\">&rarr;<\/span><\/a><\/p>\n","protected":false},"author":1,"featured_media":0,"comment_status":"open","ping_status":"open","sticky":false,"template":"","format":"standard","meta":{"_jetpack_memberships_contains_paid_content":false,"footnotes":""},"categories":[36],"tags":[32],"class_list":["post-520","post","type-post","status-publish","format-standard","hentry","category-termine","tag-depression"],"jetpack_featured_media_url":"","jetpack_shortlink":"https:\/\/wp.me\/p1fMVY-8o","jetpack_sharing_enabled":true,"_links":{"self":[{"href":"https:\/\/www.psychologie-aktuell.info\/reha\/wp-json\/wp\/v2\/posts\/520","targetHints":{"allow":["GET"]}}],"collection":[{"href":"https:\/\/www.psychologie-aktuell.info\/reha\/wp-json\/wp\/v2\/posts"}],"about":[{"href":"https:\/\/www.psychologie-aktuell.info\/reha\/wp-json\/wp\/v2\/types\/post"}],"author":[{"embeddable":true,"href":"https:\/\/www.psychologie-aktuell.info\/reha\/wp-json\/wp\/v2\/users\/1"}],"replies":[{"embeddable":true,"href":"https:\/\/www.psychologie-aktuell.info\/reha\/wp-json\/wp\/v2\/comments?post=520"}],"version-history":[{"count":2,"href":"https:\/\/www.psychologie-aktuell.info\/reha\/wp-json\/wp\/v2\/posts\/520\/revisions"}],"predecessor-version":[{"id":2495,"href":"https:\/\/www.psychologie-aktuell.info\/reha\/wp-json\/wp\/v2\/posts\/520\/revisions\/2495"}],"wp:attachment":[{"href":"https:\/\/www.psychologie-aktuell.info\/reha\/wp-json\/wp\/v2\/media?parent=520"}],"wp:term":[{"taxonomy":"category","embeddable":true,"href":"https:\/\/www.psychologie-aktuell.info\/reha\/wp-json\/wp\/v2\/categories?post=520"},{"taxonomy":"post_tag","embeddable":true,"href":"https:\/\/www.psychologie-aktuell.info\/reha\/wp-json\/wp\/v2\/tags?post=520"}],"curies":[{"name":"wp","href":"https:\/\/api.w.org\/{rel}","templated":true}]}}