{"id":522,"date":"2009-07-11T23:01:39","date_gmt":"2009-07-11T21:01:39","guid":{"rendered":"http:\/\/www.reha-psychologie.net\/reha\/2009\/07\/psychotherapie-der-primaren-insomnie\/"},"modified":"2009-07-11T23:01:55","modified_gmt":"2009-07-11T21:01:55","slug":"psychotherapie-der-primaren-insomnie","status":"publish","type":"post","link":"https:\/\/www.psychologie-aktuell.info\/reha\/2009\/07\/psychotherapie-der-primaren-insomnie\/","title":{"rendered":"Psychotherapie der prim\u00e4ren Insomnie"},"content":{"rendered":"<blockquote><p>In der vorliegenden Arbeit wird die Durchf\u00fchrung eines integrativen verhaltenstherapeutischen Ansatzes der prim\u00e4ren Insomnie (PI) in der Praxis geschildert (zur Diagnosestellung und differenzialdiagnostischen Abgrenzung zu komorbiden Insomnien siehe den Beitrag von Spiegelhalder und Riemann in diesem Heft). Neben den \u00e4tiologischen Vorstellungen der PI, die dem Therapieprogramm zugrunde liegen, werden die daraus abgeleiteten Behandlungskonzepte bzw. Therapiebausteine dargestellt und ihre Positionen sowie ihre Vermittlung im Gesamtprogramm verdeutlicht. Sowohl die \u00e4tiologischen Bez\u00fcge als auch die therapeutischen Ma\u00dfnahmen werden an ausgew\u00e4hlten Falldarstellungen konkretisiert. <\/p><\/blockquote>\n<p>Quelle: <a href=\"http:\/\/www.thieme-connect.com\/DOI\/DOI10.1055\/s-0029-1223297\">Thieme eJournals &#8211; Abstract<\/a><br \/>PiD &#8211; Psychotherapie im Dialog 2009; 10: 120-128<br \/>DOI: 10.1055\/s-0029-1223297<\/p>\n","protected":false},"excerpt":{"rendered":"<p>In der vorliegenden Arbeit wird die Durchf\u00fchrung eines integrativen verhaltenstherapeutischen Ansatzes der prim\u00e4ren Insomnie (PI) in der Praxis geschildert (zur Diagnosestellung und differenzialdiagnostischen Abgrenzung zu komorbiden Insomnien siehe den Beitrag von Spiegelhalder und Riemann in diesem Heft). Neben den \u00e4tiologischen &hellip; <a href=\"https:\/\/www.psychologie-aktuell.info\/reha\/2009\/07\/psychotherapie-der-primaren-insomnie\/\">Weiterlesen <span class=\"meta-nav\">&rarr;<\/span><\/a><\/p>\n","protected":false},"author":1,"featured_media":0,"comment_status":"open","ping_status":"open","sticky":false,"template":"","format":"standard","meta":{"_jetpack_memberships_contains_paid_content":false,"footnotes":""},"categories":[21],"tags":[101],"class_list":["post-522","post","type-post","status-publish","format-standard","hentry","category-zeitschriftenartikel","tag-schlafstorungen"],"jetpack_featured_media_url":"","jetpack_shortlink":"https:\/\/wp.me\/p1fMVY-8q","jetpack_sharing_enabled":true,"_links":{"self":[{"href":"https:\/\/www.psychologie-aktuell.info\/reha\/wp-json\/wp\/v2\/posts\/522","targetHints":{"allow":["GET"]}}],"collection":[{"href":"https:\/\/www.psychologie-aktuell.info\/reha\/wp-json\/wp\/v2\/posts"}],"about":[{"href":"https:\/\/www.psychologie-aktuell.info\/reha\/wp-json\/wp\/v2\/types\/post"}],"author":[{"embeddable":true,"href":"https:\/\/www.psychologie-aktuell.info\/reha\/wp-json\/wp\/v2\/users\/1"}],"replies":[{"embeddable":true,"href":"https:\/\/www.psychologie-aktuell.info\/reha\/wp-json\/wp\/v2\/comments?post=522"}],"version-history":[{"count":1,"href":"https:\/\/www.psychologie-aktuell.info\/reha\/wp-json\/wp\/v2\/posts\/522\/revisions"}],"predecessor-version":[{"id":523,"href":"https:\/\/www.psychologie-aktuell.info\/reha\/wp-json\/wp\/v2\/posts\/522\/revisions\/523"}],"wp:attachment":[{"href":"https:\/\/www.psychologie-aktuell.info\/reha\/wp-json\/wp\/v2\/media?parent=522"}],"wp:term":[{"taxonomy":"category","embeddable":true,"href":"https:\/\/www.psychologie-aktuell.info\/reha\/wp-json\/wp\/v2\/categories?post=522"},{"taxonomy":"post_tag","embeddable":true,"href":"https:\/\/www.psychologie-aktuell.info\/reha\/wp-json\/wp\/v2\/tags?post=522"}],"curies":[{"name":"wp","href":"https:\/\/api.w.org\/{rel}","templated":true}]}}