{"id":526,"date":"2009-07-12T09:00:00","date_gmt":"2009-07-12T07:00:00","guid":{"rendered":"http:\/\/www.reha-psychologie.net\/reha\/2009\/07\/chronic-fatigue-syndrom-und-neurasthenie\/"},"modified":"2010-12-23T12:02:29","modified_gmt":"2010-12-23T11:02:29","slug":"chronic-fatigue-syndrom-und-neurasthenie","status":"publish","type":"post","link":"https:\/\/www.psychologie-aktuell.info\/reha\/2009\/07\/chronic-fatigue-syndrom-und-neurasthenie\/","title":{"rendered":"Chronic-Fatigue-Syndrom und Neurasthenie"},"content":{"rendered":"<blockquote><p>Wolfgang \u00a0Hausotter<\/p>\n<p><strong><span style=\"text-decoration: underline;\">Kernaussagen des Artikels<br \/>\n<\/span><\/strong><\/p>\n<ul>\n<li>Ersch\u00f6pfung ist eine der h\u00e4ufigsten Beschwerden in der Allgemeinbev\u00f6lkerung. Die \u00c4tiologie ist ausgesprochen vielf\u00e4ltig und umfasst eine gro\u00dfe Zahl von k\u00f6rperlichen oder auch von schwerwiegenden seelischen Krankheiten.<\/li>\n<li>Es muss prim\u00e4r stets der sichere Ausschluss einer anderweitigen Erkrankung im Vordergrund stehen, bevor man die Diagnose eines &#8222;Chronic-Fatigue-Syndroms&#8220; stellen kann.<\/li>\n<li> Es handelt sich um eine rein deskriptive St\u00f6rungsbezeichnung, um ausschlie\u00dflich subjektive Beschwerden und es existieren bisher keine spezifischen und objektiven somatischen Befunde.<\/li>\n<li> Trotz aller immer noch heftig gef\u00fchrten Diskussionen \u00fcber die Ursache dieses Krankheitsbildes ist das CFS <!--more-->einer somatoformen St\u00f6rung zuzuordnen. Die daf\u00fcr geltenden Diagnosekriterien sind im Einzelfall fast stets erf\u00fcllt. Eine Vielzahl anderer in verschiedenen Bereichen der Medizin gebr\u00e4uchlichen Bezeichnungen wie Fibromyalgie, Colon irritabile, temporomandibul\u00e4res Syndrom, Burn-out-Syndrom u. a. \u00fcberschneiden sich damit weitgehend, entsprechendes gilt f\u00fcr die umweltassoziierten Beschwerden.<\/li>\n<li> Die somatischen Erkl\u00e4rungsversuche, die seit \u00fcber 100 Jahren diskutiert werden, \u00fcberzeugen bis heute nicht. Sie spiegeln die immer wiederkehrenden Versuche der Betroffenen wider, eine subjektiv stigmatisierende &#8222;psychiatrische&#8220; Bewertung zugunsten eines pseudoorganischen Erkl\u00e4rungsmodells zu vermeiden.<\/li>\n<li> Im Einzelfall sollte CFS als Neurasthenie (F48.0) oder bei k\u00f6rperlichen Begleitsymptomen als Somatisierungsst\u00f6rung (F45.0) bzw. als undifferenzierte Somatisierungsst\u00f6rung (F45.1) klassifiziert werden<\/li>\n<\/ul>\n<\/blockquote>\n<p>Quelle: <a href=\"http:\/\/www.thieme-connect.com\/DOI\/DOI10.1055\/s-0028-1090232\">Thieme eJournals &#8211; Abstract<\/a><\/p>\n","protected":false},"excerpt":{"rendered":"<p>Wolfgang \u00a0Hausotter Kernaussagen des Artikels Ersch\u00f6pfung ist eine der h\u00e4ufigsten Beschwerden in der Allgemeinbev\u00f6lkerung. Die \u00c4tiologie ist ausgesprochen vielf\u00e4ltig und umfasst eine gro\u00dfe Zahl von k\u00f6rperlichen oder auch von schwerwiegenden seelischen Krankheiten. Es muss prim\u00e4r stets der sichere Ausschluss einer &hellip; <a href=\"https:\/\/www.psychologie-aktuell.info\/reha\/2009\/07\/chronic-fatigue-syndrom-und-neurasthenie\/\">Weiterlesen <span class=\"meta-nav\">&rarr;<\/span><\/a><\/p>\n","protected":false},"author":1,"featured_media":0,"comment_status":"open","ping_status":"open","sticky":false,"template":"","format":"standard","meta":{"_jetpack_memberships_contains_paid_content":false,"footnotes":""},"categories":[21],"tags":[243,32,242],"class_list":["post-526","post","type-post","status-publish","format-standard","hentry","category-zeitschriftenartikel","tag-burnout","tag-depression","tag-stress"],"jetpack_featured_media_url":"","jetpack_shortlink":"https:\/\/wp.me\/p1fMVY-8u","jetpack_sharing_enabled":true,"_links":{"self":[{"href":"https:\/\/www.psychologie-aktuell.info\/reha\/wp-json\/wp\/v2\/posts\/526","targetHints":{"allow":["GET"]}}],"collection":[{"href":"https:\/\/www.psychologie-aktuell.info\/reha\/wp-json\/wp\/v2\/posts"}],"about":[{"href":"https:\/\/www.psychologie-aktuell.info\/reha\/wp-json\/wp\/v2\/types\/post"}],"author":[{"embeddable":true,"href":"https:\/\/www.psychologie-aktuell.info\/reha\/wp-json\/wp\/v2\/users\/1"}],"replies":[{"embeddable":true,"href":"https:\/\/www.psychologie-aktuell.info\/reha\/wp-json\/wp\/v2\/comments?post=526"}],"version-history":[{"count":3,"href":"https:\/\/www.psychologie-aktuell.info\/reha\/wp-json\/wp\/v2\/posts\/526\/revisions"}],"predecessor-version":[{"id":3036,"href":"https:\/\/www.psychologie-aktuell.info\/reha\/wp-json\/wp\/v2\/posts\/526\/revisions\/3036"}],"wp:attachment":[{"href":"https:\/\/www.psychologie-aktuell.info\/reha\/wp-json\/wp\/v2\/media?parent=526"}],"wp:term":[{"taxonomy":"category","embeddable":true,"href":"https:\/\/www.psychologie-aktuell.info\/reha\/wp-json\/wp\/v2\/categories?post=526"},{"taxonomy":"post_tag","embeddable":true,"href":"https:\/\/www.psychologie-aktuell.info\/reha\/wp-json\/wp\/v2\/tags?post=526"}],"curies":[{"name":"wp","href":"https:\/\/api.w.org\/{rel}","templated":true}]}}