{"id":530,"date":"2009-07-13T12:10:00","date_gmt":"2009-07-13T10:10:00","guid":{"rendered":"http:\/\/www.reha-psychologie.net\/reha\/2009\/07\/zielanalyse-und-zieloperationalisierung-zazo-evaluation-eines-gruppentrainings-zur-forderung-beruflicher-motivation\/"},"modified":"2009-07-11T23:12:03","modified_gmt":"2009-07-11T21:12:03","slug":"zielanalyse-und-zieloperationalisierung-zazo-evaluation-eines-gruppentrainings-zur-forderung-beruflicher-motivation","status":"publish","type":"post","link":"https:\/\/www.psychologie-aktuell.info\/reha\/2009\/07\/zielanalyse-und-zieloperationalisierung-zazo-evaluation-eines-gruppentrainings-zur-forderung-beruflicher-motivation\/","title":{"rendered":"Zielanalyse und Zieloperationalisierung (ZAZO): Evaluation eines Gruppentrainings zur F\u00f6rderung beruflicher Motivation"},"content":{"rendered":"<blockquote><p>Berufliche Motivation, psychisches Wohlbefinden und Selbstregulationskompetenzen stehen in Zusammenhang mit einer erfolgreichen beruflichen Wiedereingliederung nach Rehabilitationsma\u00dfnahmen. Mit dem Ziel, bei Rehabilitanden die berufliche Motivation zu f\u00f6rdern, volitionale Steuerungsprozesse (Selbstregulation und Selbstkontrolle) zu verbessern, die berufliche Zielorientierung zu st\u00e4rken und damit die Zielerreichungswahrscheinlichkeit zu erh\u00f6hen, wurde auf der Grundlage des Diagnostikinstrumentes f\u00fcr Arbeitsmotivation (DIAMO) und bestehender Trainings ein neues Gruppentraining (ZAZO &#8211; Zielanalyse und Zieloperationalisierung) f\u00fcr den Rehabilitationsbereich entwickelt und evaluiert. <\/p><\/blockquote>\n<p>Quelle: <a href=\"http:\/\/www.thieme-connect.com\/DOI\/DOI10.1055\/s-0029-1220927\">Thieme eJournals &#8211; Abstract<\/a><\/p>\n","protected":false},"excerpt":{"rendered":"<p>Berufliche Motivation, psychisches Wohlbefinden und Selbstregulationskompetenzen stehen in Zusammenhang mit einer erfolgreichen beruflichen Wiedereingliederung nach Rehabilitationsma\u00dfnahmen. Mit dem Ziel, bei Rehabilitanden die berufliche Motivation zu f\u00f6rdern, volitionale Steuerungsprozesse (Selbstregulation und Selbstkontrolle) zu verbessern, die berufliche Zielorientierung zu st\u00e4rken und damit &hellip; <a href=\"https:\/\/www.psychologie-aktuell.info\/reha\/2009\/07\/zielanalyse-und-zieloperationalisierung-zazo-evaluation-eines-gruppentrainings-zur-forderung-beruflicher-motivation\/\">Weiterlesen <span class=\"meta-nav\">&rarr;<\/span><\/a><\/p>\n","protected":false},"author":1,"featured_media":0,"comment_status":"open","ping_status":"open","sticky":false,"template":"","format":"standard","meta":{"_jetpack_memberships_contains_paid_content":false,"footnotes":""},"categories":[21],"tags":[29],"class_list":["post-530","post","type-post","status-publish","format-standard","hentry","category-zeitschriftenartikel","tag-arbeit-beruf"],"jetpack_featured_media_url":"","jetpack_shortlink":"https:\/\/wp.me\/p1fMVY-8y","jetpack_sharing_enabled":true,"_links":{"self":[{"href":"https:\/\/www.psychologie-aktuell.info\/reha\/wp-json\/wp\/v2\/posts\/530","targetHints":{"allow":["GET"]}}],"collection":[{"href":"https:\/\/www.psychologie-aktuell.info\/reha\/wp-json\/wp\/v2\/posts"}],"about":[{"href":"https:\/\/www.psychologie-aktuell.info\/reha\/wp-json\/wp\/v2\/types\/post"}],"author":[{"embeddable":true,"href":"https:\/\/www.psychologie-aktuell.info\/reha\/wp-json\/wp\/v2\/users\/1"}],"replies":[{"embeddable":true,"href":"https:\/\/www.psychologie-aktuell.info\/reha\/wp-json\/wp\/v2\/comments?post=530"}],"version-history":[{"count":1,"href":"https:\/\/www.psychologie-aktuell.info\/reha\/wp-json\/wp\/v2\/posts\/530\/revisions"}],"predecessor-version":[{"id":531,"href":"https:\/\/www.psychologie-aktuell.info\/reha\/wp-json\/wp\/v2\/posts\/530\/revisions\/531"}],"wp:attachment":[{"href":"https:\/\/www.psychologie-aktuell.info\/reha\/wp-json\/wp\/v2\/media?parent=530"}],"wp:term":[{"taxonomy":"category","embeddable":true,"href":"https:\/\/www.psychologie-aktuell.info\/reha\/wp-json\/wp\/v2\/categories?post=530"},{"taxonomy":"post_tag","embeddable":true,"href":"https:\/\/www.psychologie-aktuell.info\/reha\/wp-json\/wp\/v2\/tags?post=530"}],"curies":[{"name":"wp","href":"https:\/\/api.w.org\/{rel}","templated":true}]}}