{"id":532,"date":"2009-08-04T08:10:00","date_gmt":"2009-08-04T06:10:00","guid":{"rendered":"http:\/\/www.reha-psychologie.net\/reha\/2009\/07\/zur-intensitat-des-erlebens-von-schamgefuhlen-bei-psychischen-storungen\/"},"modified":"2009-08-03T21:47:54","modified_gmt":"2009-08-03T19:47:54","slug":"zur-intensitat-des-erlebens-von-schamgefuhlen-bei-psychischen-storungen","status":"publish","type":"post","link":"https:\/\/www.psychologie-aktuell.info\/reha\/2009\/08\/zur-intensitat-des-erlebens-von-schamgefuhlen-bei-psychischen-storungen\/","title":{"rendered":"Zur Intensit\u00e4t des Erlebens von Schamgef\u00fchlen bei psychischen St\u00f6rungen"},"content":{"rendered":"<blockquote><p>Schamgef\u00fchle z\u00e4hlen zu den selbstreflexiven Emotionen, die zumeist im Kontext ethisch-moralischer Verfehlungen entstehen. Es ist zu unterscheiden zwischen Schamgef\u00fchlen, die auf die Intimit\u00e4t und den K\u00f6rper bezogen sind und solchen, die als Folge sozialer Bewertungen entstehen. Intensive Schamgef\u00fchle werden immer wieder als bedeutsam im Erleben von Personen mit einer psychischen St\u00f6rung diskutiert. Systematische Studien dazu fehlen.<\/p>\n<p>Mittels eines eigens entwickelten, <!--more-->szenariobasierten Fragebogens, dem &#8222;Heidelberger Fragebogen zu Schamgef\u00fchlen&#8220; wird die Intensit\u00e4t des Schamgef\u00fchls bei n=320 Patienten mit verschiedenen klinischen St\u00f6rungsbildern erhoben und mit einer Kontrollgruppe verglichen (Querschnittsstudie). Der Fragebogen besteht aus zwei Skalen, die jeweils Schamgef\u00fchle in Bezug auf den K\u00f6rper und in sozialen Situationen erfassen. Zus\u00e4tzlich wurde der korrelative Zusammenhang zwischen Schamgef\u00fchlen und Pers\u00f6nlichkeitsstilen erfasst.<\/p><\/blockquote>\n<p>Quelle: <a href=\"http:\/\/www.thieme-connect.com\/DOI\/DOI10.1055\/s-0029-1220691\">Thieme eJournals &#8211; Abstract<\/a><\/p>\n","protected":false},"excerpt":{"rendered":"<p>Schamgef\u00fchle z\u00e4hlen zu den selbstreflexiven Emotionen, die zumeist im Kontext ethisch-moralischer Verfehlungen entstehen. Es ist zu unterscheiden zwischen Schamgef\u00fchlen, die auf die Intimit\u00e4t und den K\u00f6rper bezogen sind und solchen, die als Folge sozialer Bewertungen entstehen. Intensive Schamgef\u00fchle werden immer &hellip; <a href=\"https:\/\/www.psychologie-aktuell.info\/reha\/2009\/08\/zur-intensitat-des-erlebens-von-schamgefuhlen-bei-psychischen-storungen\/\">Weiterlesen <span class=\"meta-nav\">&rarr;<\/span><\/a><\/p>\n","protected":false},"author":1,"featured_media":0,"comment_status":"open","ping_status":"open","sticky":false,"template":"","format":"standard","meta":{"_jetpack_memberships_contains_paid_content":false,"footnotes":""},"categories":[21],"tags":[31,86],"class_list":["post-532","post","type-post","status-publish","format-standard","hentry","category-zeitschriftenartikel","tag-diagnostik","tag-forschung"],"jetpack_featured_media_url":"","jetpack_shortlink":"https:\/\/wp.me\/p1fMVY-8A","jetpack_sharing_enabled":true,"_links":{"self":[{"href":"https:\/\/www.psychologie-aktuell.info\/reha\/wp-json\/wp\/v2\/posts\/532","targetHints":{"allow":["GET"]}}],"collection":[{"href":"https:\/\/www.psychologie-aktuell.info\/reha\/wp-json\/wp\/v2\/posts"}],"about":[{"href":"https:\/\/www.psychologie-aktuell.info\/reha\/wp-json\/wp\/v2\/types\/post"}],"author":[{"embeddable":true,"href":"https:\/\/www.psychologie-aktuell.info\/reha\/wp-json\/wp\/v2\/users\/1"}],"replies":[{"embeddable":true,"href":"https:\/\/www.psychologie-aktuell.info\/reha\/wp-json\/wp\/v2\/comments?post=532"}],"version-history":[{"count":2,"href":"https:\/\/www.psychologie-aktuell.info\/reha\/wp-json\/wp\/v2\/posts\/532\/revisions"}],"predecessor-version":[{"id":639,"href":"https:\/\/www.psychologie-aktuell.info\/reha\/wp-json\/wp\/v2\/posts\/532\/revisions\/639"}],"wp:attachment":[{"href":"https:\/\/www.psychologie-aktuell.info\/reha\/wp-json\/wp\/v2\/media?parent=532"}],"wp:term":[{"taxonomy":"category","embeddable":true,"href":"https:\/\/www.psychologie-aktuell.info\/reha\/wp-json\/wp\/v2\/categories?post=532"},{"taxonomy":"post_tag","embeddable":true,"href":"https:\/\/www.psychologie-aktuell.info\/reha\/wp-json\/wp\/v2\/tags?post=532"}],"curies":[{"name":"wp","href":"https:\/\/api.w.org\/{rel}","templated":true}]}}