{"id":5364,"date":"2012-06-23T07:12:08","date_gmt":"2012-06-23T06:12:08","guid":{"rendered":"http:\/\/www.psychologie-aktuell.info\/reha\/?p=5364"},"modified":"2012-06-09T10:14:22","modified_gmt":"2012-06-09T09:14:22","slug":"klimakterische-beschwerden-uber-die-lebensspanne-ergebnisse-einer-reprasentativen-umfrage-in-der-deutschen-allgemeinbevolkerung","status":"publish","type":"post","link":"https:\/\/www.psychologie-aktuell.info\/reha\/2012\/06\/klimakterische-beschwerden-uber-die-lebensspanne-ergebnisse-einer-reprasentativen-umfrage-in-der-deutschen-allgemeinbevolkerung\/","title":{"rendered":"Klimakterische Beschwerden \u00fcber die Lebensspanne? Ergebnisse einer repr\u00e4sentativen Umfrage in der deutschen Allgemeinbev\u00f6lkerung"},"content":{"rendered":"<blockquote>\n<p><span class=\"contrib\"><strong>Kerstin Weidner, Judith Richter, Antje Bittner, Yve St&ouml;bel-Richter, Elmar Br&auml;hler<\/strong><sup><br \/>\n<\/sup><\/span>Ziel der vorliegenden Untersuchung war die Erfassung der Auspr&auml;gung und Verteilung klimakterischer Beschwerden in der deutschen Allgemeinbev&ouml;lkerung. Bei 1 350 Frauen zwischen 14 und 92 Jahren wurde die Menopause Rating Scale (MRS II) eingesetzt. 22% der Frauen litten unter deutlichen bis schweren Symptomen. <!--more-->Es zeigt sich eine ansteigende Symptomschwere in h&ouml;heren Lebensaltern bei Schlafst&ouml;rungen, Gelenk- und Muskelbeschwerden sowie Herzbeschwerden und geistig-k&ouml;rperlicher Ersch&ouml;pfung. Lediglich der Symptomkomplex der Hitzewallungen lie&szlig; sich phasenspezifisch dem Klimakterium zuordnen. Signifikante Pr&auml;diktoren f&uuml;r die Auspr&auml;gung klimakterischer Beschwerden waren Lebensregion, Alter, grunds&auml;tzliche psychische Belastung, somatische Symptome, Depressivit&auml;t, Stress und Fatique. Die in der Literatur als klimakterisch interpretierten Symptome m&uuml;ssen kritisch als phasenspezifische Symptome hinterfragt werden und weitere Einflussfaktoren auf die wahrgenommene Symptomschwere urs&auml;chlich untersucht werden.<\/p>\n<\/blockquote>\n<p><a href=\"https:\/\/www.thieme-connect.de\/DOI\/DOI?10.1055\/s-0032-1311561\">Thieme eJournals &#8211; Abstract<\/a><\/p>\n","protected":false},"excerpt":{"rendered":"<p>Kerstin Weidner, Judith Richter, Antje Bittner, Yve St&ouml;bel-Richter, Elmar Br&auml;hler Ziel der vorliegenden Untersuchung war die Erfassung der Auspr&auml;gung und Verteilung klimakterischer Beschwerden in der deutschen Allgemeinbev&ouml;lkerung. Bei 1 350 Frauen zwischen 14 und 92 Jahren wurde die Menopause Rating &hellip; <a href=\"https:\/\/www.psychologie-aktuell.info\/reha\/2012\/06\/klimakterische-beschwerden-uber-die-lebensspanne-ergebnisse-einer-reprasentativen-umfrage-in-der-deutschen-allgemeinbevolkerung\/\">Weiterlesen <span class=\"meta-nav\">&rarr;<\/span><\/a><\/p>\n","protected":false},"author":29,"featured_media":0,"comment_status":"closed","ping_status":"closed","sticky":false,"template":"","format":"standard","meta":{"_jetpack_memberships_contains_paid_content":false,"footnotes":""},"categories":[21],"tags":[],"class_list":["post-5364","post","type-post","status-publish","format-standard","hentry","category-zeitschriftenartikel"],"jetpack_featured_media_url":"","jetpack_shortlink":"https:\/\/wp.me\/p1fMVY-1ow","jetpack_sharing_enabled":true,"_links":{"self":[{"href":"https:\/\/www.psychologie-aktuell.info\/reha\/wp-json\/wp\/v2\/posts\/5364","targetHints":{"allow":["GET"]}}],"collection":[{"href":"https:\/\/www.psychologie-aktuell.info\/reha\/wp-json\/wp\/v2\/posts"}],"about":[{"href":"https:\/\/www.psychologie-aktuell.info\/reha\/wp-json\/wp\/v2\/types\/post"}],"author":[{"embeddable":true,"href":"https:\/\/www.psychologie-aktuell.info\/reha\/wp-json\/wp\/v2\/users\/29"}],"replies":[{"embeddable":true,"href":"https:\/\/www.psychologie-aktuell.info\/reha\/wp-json\/wp\/v2\/comments?post=5364"}],"version-history":[{"count":2,"href":"https:\/\/www.psychologie-aktuell.info\/reha\/wp-json\/wp\/v2\/posts\/5364\/revisions"}],"predecessor-version":[{"id":5496,"href":"https:\/\/www.psychologie-aktuell.info\/reha\/wp-json\/wp\/v2\/posts\/5364\/revisions\/5496"}],"wp:attachment":[{"href":"https:\/\/www.psychologie-aktuell.info\/reha\/wp-json\/wp\/v2\/media?parent=5364"}],"wp:term":[{"taxonomy":"category","embeddable":true,"href":"https:\/\/www.psychologie-aktuell.info\/reha\/wp-json\/wp\/v2\/categories?post=5364"},{"taxonomy":"post_tag","embeddable":true,"href":"https:\/\/www.psychologie-aktuell.info\/reha\/wp-json\/wp\/v2\/tags?post=5364"}],"curies":[{"name":"wp","href":"https:\/\/api.w.org\/{rel}","templated":true}]}}