{"id":548,"date":"2009-07-27T07:42:09","date_gmt":"2009-07-27T05:42:09","guid":{"rendered":"http:\/\/www.reha-psychologie.net\/reha\/?p=548"},"modified":"2009-07-24T22:16:36","modified_gmt":"2009-07-24T20:16:36","slug":"soziale-phobie","status":"publish","type":"post","link":"https:\/\/www.psychologie-aktuell.info\/reha\/2009\/07\/soziale-phobie\/","title":{"rendered":"Soziale Phobie"},"content":{"rendered":"<blockquote><p>Soziale Phobie geh\u00f6rt epidemiologischen Studien zufolge zu den h\u00e4ufigsten psychischen St\u00f6rungen und f\u00fchrt bei Betroffenen zu einer erheblichen Beeintr\u00e4chtigung der Lebensqualit\u00e4t. Im vorliegenden \u00dcbersichtsartikel werden zun\u00e4chst die Symptomatik und diagnostische Instrumente beschrieben und biologische, lerntheoretische und kognitive Theorien zur \u00c4tiologie der sozialen Phobie erl\u00e4utert. Anschlie\u00dfend werden Interpersonelle und Psychodynamische Therapie, Kognitive Verhaltenstherapie basierend auf dem Modell von Clark und Wells (1995) sowie Vorgehensweisen bei komorbiden St\u00f6rungen als m\u00f6gliche Behandlungsans\u00e4tze vorgestellt und diskutiert.<\/p><\/blockquote>\n<p>Quelle: <a href=\"http:\/\/psycontent.metapress.com\/content\/j563484708u63312\/\">PsyCONTENT &#8211; Zeitschriftenbeitrag<\/a><\/p>\n","protected":false},"excerpt":{"rendered":"<p>Soziale Phobie geh\u00f6rt epidemiologischen Studien zufolge zu den h\u00e4ufigsten psychischen St\u00f6rungen und f\u00fchrt bei Betroffenen zu einer erheblichen Beeintr\u00e4chtigung der Lebensqualit\u00e4t. Im vorliegenden \u00dcbersichtsartikel werden zun\u00e4chst die Symptomatik und diagnostische Instrumente beschrieben und biologische, lerntheoretische und kognitive Theorien zur \u00c4tiologie &hellip; <a href=\"https:\/\/www.psychologie-aktuell.info\/reha\/2009\/07\/soziale-phobie\/\">Weiterlesen <span class=\"meta-nav\">&rarr;<\/span><\/a><\/p>\n","protected":false},"author":1,"featured_media":0,"comment_status":"open","ping_status":"open","sticky":false,"template":"","format":"standard","meta":{"_jetpack_memberships_contains_paid_content":false,"footnotes":""},"categories":[21],"tags":[28,52],"class_list":["post-548","post","type-post","status-publish","format-standard","hentry","category-zeitschriftenartikel","tag-angst-panik","tag-behandlung-therapie"],"jetpack_featured_media_url":"","jetpack_shortlink":"https:\/\/wp.me\/p1fMVY-8Q","jetpack_sharing_enabled":true,"_links":{"self":[{"href":"https:\/\/www.psychologie-aktuell.info\/reha\/wp-json\/wp\/v2\/posts\/548","targetHints":{"allow":["GET"]}}],"collection":[{"href":"https:\/\/www.psychologie-aktuell.info\/reha\/wp-json\/wp\/v2\/posts"}],"about":[{"href":"https:\/\/www.psychologie-aktuell.info\/reha\/wp-json\/wp\/v2\/types\/post"}],"author":[{"embeddable":true,"href":"https:\/\/www.psychologie-aktuell.info\/reha\/wp-json\/wp\/v2\/users\/1"}],"replies":[{"embeddable":true,"href":"https:\/\/www.psychologie-aktuell.info\/reha\/wp-json\/wp\/v2\/comments?post=548"}],"version-history":[{"count":1,"href":"https:\/\/www.psychologie-aktuell.info\/reha\/wp-json\/wp\/v2\/posts\/548\/revisions"}],"predecessor-version":[{"id":631,"href":"https:\/\/www.psychologie-aktuell.info\/reha\/wp-json\/wp\/v2\/posts\/548\/revisions\/631"}],"wp:attachment":[{"href":"https:\/\/www.psychologie-aktuell.info\/reha\/wp-json\/wp\/v2\/media?parent=548"}],"wp:term":[{"taxonomy":"category","embeddable":true,"href":"https:\/\/www.psychologie-aktuell.info\/reha\/wp-json\/wp\/v2\/categories?post=548"},{"taxonomy":"post_tag","embeddable":true,"href":"https:\/\/www.psychologie-aktuell.info\/reha\/wp-json\/wp\/v2\/tags?post=548"}],"curies":[{"name":"wp","href":"https:\/\/api.w.org\/{rel}","templated":true}]}}