{"id":551,"date":"2009-07-23T08:00:57","date_gmt":"2009-07-23T06:00:57","guid":{"rendered":"http:\/\/www.reha-psychologie.net\/reha\/?p=551"},"modified":"2009-07-23T23:40:03","modified_gmt":"2009-07-23T21:40:03","slug":"erkrankungsaktivitat-und-arbeitsbezogenes-verhaltens-und-erlebensmuster-bei-rehabilitanden-mit-morbus-crohn","status":"publish","type":"post","link":"https:\/\/www.psychologie-aktuell.info\/reha\/2009\/07\/erkrankungsaktivitat-und-arbeitsbezogenes-verhaltens-und-erlebensmuster-bei-rehabilitanden-mit-morbus-crohn\/","title":{"rendered":"Erkrankungsaktivit\u00e4t und arbeitsbezogenes Verhaltens- und Erlebensmuster bei Rehabilitanden mit Morbus Crohn"},"content":{"rendered":"<blockquote><p>In fr\u00fcheren Studien konnte gezeigt werden, dass bei Patienten mit Morbus Crohn signifikante Einschr\u00e4nkungen im Berufsleben bestehen. Zum Zusammenhang zwischen Erkrankungsaktivit\u00e4t und arbeitsbezogenem Verhaltens- und Erlebensmuster (AVEM) liegen jedoch keine systematischen Untersuchungen vor.<br \/>\nIn einer Einzelzentrums-Querschnittskohortenstudie wurden <!--more-->bei 36 Rehabilitanden (14 m\u00e4nnlich, 22 weiblich) mit gesichertem Morbus Crohn medianes Alter 33 [Spannweite 19-57] der Crohn&#8217;s Disease Acitivity Index (CDAI), die angegebene t\u00e4gliche Stuhlfrequenz und das AVEM protokolliert.<br \/>\nBei den 22 Rehabilitanden mit Risikomustern im Sinne von Selbst\u00fcbersch\u00e4tzung (A) oder von Burnout (B) lag der mediane CDAI mit 142 [77-346] h\u00f6her als bei 14 Rehabilitanden mit den gesundheitsf\u00f6rdernden Bew\u00e4ltigungsmustern gesund (G) oder Schonung (S) medianer CDAI 97 [8-167] (p=0,030). In der C-Statistik zeigte sich, dass das Vorliegen eines Risikobew\u00e4ltigungsmusters sowohl anhand des CDAI-Wertes (Cut-Off\u00e2\u2030\u00a5100; AUC=0,78) als auch anhand der angegebenen Stuhlfrequenz (Cut-Off\u00e2\u2030\u00a53; AUC 0,73) vorhergesagt werden konnte.<br \/>\nUnsere Studie zeigt erstmals einen Zusammenhang zwischen Erkrankungsaktivit\u00e4t und berufsbezogenem Risikobew\u00e4ltigungsmuster bei Rehabilitanden mit Morbus Crohn. Insbesondere ein CDAI\u00e2\u2030\u00a5100 und eine bei Aufnahme angegebene t\u00e4gliche Stuhlfrequenz \u00e2\u2030\u00a53 sagten das Vorliegen eines Risiko-AVE-Musters voraus.<br \/>\nBei Patienten mit h\u00f6her aktivem Morbus Crohn (CDAI\u00e2\u2030\u00a5100) sollte das AVEM-Diagnoseverfahren eingesetzt werden.<\/p><\/blockquote>\n<p>Quelle: <a href=\"http:\/\/www.thieme-connect.com\/DOI\/DOI10.1055\/s-0029-1202863\">Thieme eJournals &#8211; Abstract<\/a><\/p>\n","protected":false},"excerpt":{"rendered":"<p>In fr\u00fcheren Studien konnte gezeigt werden, dass bei Patienten mit Morbus Crohn signifikante Einschr\u00e4nkungen im Berufsleben bestehen. Zum Zusammenhang zwischen Erkrankungsaktivit\u00e4t und arbeitsbezogenem Verhaltens- und Erlebensmuster (AVEM) liegen jedoch keine systematischen Untersuchungen vor. In einer Einzelzentrums-Querschnittskohortenstudie wurden<\/p>\n","protected":false},"author":1,"featured_media":0,"comment_status":"open","ping_status":"open","sticky":false,"template":"","format":"standard","meta":{"_jetpack_memberships_contains_paid_content":false,"footnotes":""},"categories":[],"tags":[31,38],"class_list":["post-551","post","type-post","status-publish","format-standard","hentry","tag-diagnostik","tag-essstorung"],"jetpack_featured_media_url":"","jetpack_shortlink":"https:\/\/wp.me\/p1fMVY-8T","jetpack_sharing_enabled":true,"_links":{"self":[{"href":"https:\/\/www.psychologie-aktuell.info\/reha\/wp-json\/wp\/v2\/posts\/551","targetHints":{"allow":["GET"]}}],"collection":[{"href":"https:\/\/www.psychologie-aktuell.info\/reha\/wp-json\/wp\/v2\/posts"}],"about":[{"href":"https:\/\/www.psychologie-aktuell.info\/reha\/wp-json\/wp\/v2\/types\/post"}],"author":[{"embeddable":true,"href":"https:\/\/www.psychologie-aktuell.info\/reha\/wp-json\/wp\/v2\/users\/1"}],"replies":[{"embeddable":true,"href":"https:\/\/www.psychologie-aktuell.info\/reha\/wp-json\/wp\/v2\/comments?post=551"}],"version-history":[{"count":2,"href":"https:\/\/www.psychologie-aktuell.info\/reha\/wp-json\/wp\/v2\/posts\/551\/revisions"}],"predecessor-version":[{"id":610,"href":"https:\/\/www.psychologie-aktuell.info\/reha\/wp-json\/wp\/v2\/posts\/551\/revisions\/610"}],"wp:attachment":[{"href":"https:\/\/www.psychologie-aktuell.info\/reha\/wp-json\/wp\/v2\/media?parent=551"}],"wp:term":[{"taxonomy":"category","embeddable":true,"href":"https:\/\/www.psychologie-aktuell.info\/reha\/wp-json\/wp\/v2\/categories?post=551"},{"taxonomy":"post_tag","embeddable":true,"href":"https:\/\/www.psychologie-aktuell.info\/reha\/wp-json\/wp\/v2\/tags?post=551"}],"curies":[{"name":"wp","href":"https:\/\/api.w.org\/{rel}","templated":true}]}}