{"id":5716,"date":"2012-08-20T06:06:00","date_gmt":"2012-08-20T04:06:00","guid":{"rendered":"http:\/\/www.psychologie-aktuell.info\/reha\/?p=5716"},"modified":"2012-08-05T16:06:52","modified_gmt":"2012-08-05T14:06:52","slug":"kassenarztliche-vereinigungen-fordern-extrabudgetare-vergutung-fur-psychotherapie","status":"publish","type":"post","link":"https:\/\/www.psychologie-aktuell.info\/reha\/2012\/08\/kassenarztliche-vereinigungen-fordern-extrabudgetare-vergutung-fur-psychotherapie\/","title":{"rendered":"Kassen\u00e4rztliche Vereinigungen fordern extrabudget\u00e4re Verg\u00fctung f\u00fcr Psychotherapie"},"content":{"rendered":"<blockquote>\n<p>Die Freie Allianz der L&auml;nder-KVen (FALK) fordert die Krankenkassen auf, die Kosten f&uuml;r zunehmenden Bedarf an Psychotherapie zu &uuml;bernehmen. Deutliche Kritik an der Haltung der Krankenkassen zur Finanzierung der Psychotherapie &uuml;bten heute in Berlin die Vorst&auml;nde der in der FALK-Kooperation verbundenen Kassen&auml;rztlichen Vereinigungen aus Bayern, Baden-W&uuml;rttemberg, Hessen und Mecklenburg-Vorpommern. W&auml;hrend der stetig steigende Bedarf an psychotherapeutischen Leistungen unstrittig sei, verweigerten die Krankenkassen die Bereitstellung der daf&uuml;r notwendigen finanziellen Mittel.<\/p>\n<p>In der aktuellen Situation m&uuml;ssten die Fach&auml;rzte aus ihrem Honorar den immer h&ouml;heren Bedarf an psychotherapeutischen Leistungen bezahlen, so die Kritik. Gerade bei den antrags- und genehmigungspflichtigen psychotherapeutischen Leistungen k&ouml;nne es keinen Zweifel geben, dass diese durch die Kassen au&szlig;erbudget&auml;r zu verg&uuml;ten seien, hei&szlig;t es aus dem FALK-Vorstand. Nur so sei ein dauerhafter Unfrieden zwischen &Auml;rzten und Psychotherapeuten zu vermeiden.<\/p>\n<\/blockquote>\n<p><a href=\"http:\/\/www.aerzteblatt.de\/nachrichten\/51108\">Deutsches &Auml;rzteblatt: Kassen&auml;rztliche Vereinigungen fordern extrabudget&auml;re Verg&uuml;tung f&uuml;r Psychotherapie<\/a><\/p>\n","protected":false},"excerpt":{"rendered":"<p>Die Freie Allianz der L&auml;nder-KVen (FALK) fordert die Krankenkassen auf, die Kosten f&uuml;r zunehmenden Bedarf an Psychotherapie zu &uuml;bernehmen. Deutliche Kritik an der Haltung der Krankenkassen zur Finanzierung der Psychotherapie &uuml;bten heute in Berlin die Vorst&auml;nde der in der FALK-Kooperation &hellip; <a href=\"https:\/\/www.psychologie-aktuell.info\/reha\/2012\/08\/kassenarztliche-vereinigungen-fordern-extrabudgetare-vergutung-fur-psychotherapie\/\">Weiterlesen <span class=\"meta-nav\">&rarr;<\/span><\/a><\/p>\n","protected":false},"author":29,"featured_media":0,"comment_status":"closed","ping_status":"closed","sticky":false,"template":"","format":"standard","meta":{"_jetpack_memberships_contains_paid_content":false,"footnotes":""},"categories":[21],"tags":[],"class_list":["post-5716","post","type-post","status-publish","format-standard","hentry","category-zeitschriftenartikel"],"jetpack_featured_media_url":"","jetpack_shortlink":"https:\/\/wp.me\/p1fMVY-1uc","jetpack_sharing_enabled":true,"_links":{"self":[{"href":"https:\/\/www.psychologie-aktuell.info\/reha\/wp-json\/wp\/v2\/posts\/5716","targetHints":{"allow":["GET"]}}],"collection":[{"href":"https:\/\/www.psychologie-aktuell.info\/reha\/wp-json\/wp\/v2\/posts"}],"about":[{"href":"https:\/\/www.psychologie-aktuell.info\/reha\/wp-json\/wp\/v2\/types\/post"}],"author":[{"embeddable":true,"href":"https:\/\/www.psychologie-aktuell.info\/reha\/wp-json\/wp\/v2\/users\/29"}],"replies":[{"embeddable":true,"href":"https:\/\/www.psychologie-aktuell.info\/reha\/wp-json\/wp\/v2\/comments?post=5716"}],"version-history":[{"count":1,"href":"https:\/\/www.psychologie-aktuell.info\/reha\/wp-json\/wp\/v2\/posts\/5716\/revisions"}],"predecessor-version":[{"id":5717,"href":"https:\/\/www.psychologie-aktuell.info\/reha\/wp-json\/wp\/v2\/posts\/5716\/revisions\/5717"}],"wp:attachment":[{"href":"https:\/\/www.psychologie-aktuell.info\/reha\/wp-json\/wp\/v2\/media?parent=5716"}],"wp:term":[{"taxonomy":"category","embeddable":true,"href":"https:\/\/www.psychologie-aktuell.info\/reha\/wp-json\/wp\/v2\/categories?post=5716"},{"taxonomy":"post_tag","embeddable":true,"href":"https:\/\/www.psychologie-aktuell.info\/reha\/wp-json\/wp\/v2\/tags?post=5716"}],"curies":[{"name":"wp","href":"https:\/\/api.w.org\/{rel}","templated":true}]}}