{"id":5736,"date":"2012-08-21T08:52:32","date_gmt":"2012-08-21T06:52:32","guid":{"rendered":"http:\/\/www.psychologie-aktuell.info\/reha\/?p=5736"},"modified":"2012-08-21T08:52:32","modified_gmt":"2012-08-21T06:52:32","slug":"psychohygiene-in-institutionen-fachtagung-am-freitag-12-10-2012-in-saarbrucken","status":"publish","type":"post","link":"https:\/\/www.psychologie-aktuell.info\/reha\/2012\/08\/psychohygiene-in-institutionen-fachtagung-am-freitag-12-10-2012-in-saarbrucken\/","title":{"rendered":"Psychohygiene in Institutionen &#8211; Fachtagung am Freitag, 12.10.2012 in Saarbr\u00fccken"},"content":{"rendered":"<p>Auszug aus der Einladung<\/p>\n<blockquote><p>Die Psychotherapeutenkammer des Saarlandes veranstaltet eine Fachtagung f\u00fcr Sie als in Institutionen T\u00e4tige, die die speziellen Rahmenbedingungen und Themen Ihres Arbeitsalltags aufgreift. Gleichwohl gehe ich davon aus, dass auch selbst\u00e4ndig t\u00e4tige Psychotherapeuten sich von den Vortr\u00e4gen und Workshops angesprochen f\u00fchlen werden. Das Thema Achtsamkeit und Selbstf\u00fcrsorge ist ein unsere Arbeitsfelder \u00fcbergreifendes: Der Schutz und der Erhalt der eigenen Gesundheit sind die Voraussetzung daf\u00fcr, dass wir unsere verantwortungsvolle und h\u00e4ufig belastende Alltagst\u00e4tigkeit als Psychotherapeuten aus\u00fcben k\u00f6nnen \u2013 ob wir alleine oder im Team t\u00e4tig sind.<br \/>\nAndererseits sind die typischen T\u00e4tigkeitsprofile im \u00e4rztlichen und psychotherapeutischen Bereich strukturellen Wandlungen unterworfen: Mitarbeiter in Institutionen \u00fcben zu einem gr\u00f6\u00dfer werdenden Anteil auch au\u00dferhalb der Institution selbst\u00e4ndige T\u00e4tigkeiten aus und umgekehrt. Zudem schlie\u00dfen sich immer mehr Kollegen in der vertragspsychotherapeutischen Versorgung zusammen, nicht selten werden daraus auch Arbeitsgemeinschaften, die \u2013 herausf\u00fchrend aus einem \u201eEinzelk\u00e4mpferstatus\u201c \u2013 erhebliches Psychohygienepotential entfalten k\u00f6nnen.<br \/>\nBernhard Morsch<\/p><\/blockquote>\n<p>&nbsp;<\/p>\n<p>Freitag, 12. Oktober 2012<br \/>\nIndustrie- und Handelkammer (IHK) Saarland<br \/>\nFranz-Josef-R\u00f6der-Stra\u00dfe 9, 66119 Saarbr\u00fccken<\/p>\n<p><strong>[download id=&#8220;13398&#8243;]<\/strong><\/p>\n","protected":false},"excerpt":{"rendered":"<p>Auszug aus der Einladung Die Psychotherapeutenkammer des Saarlandes veranstaltet eine Fachtagung f\u00fcr Sie als in Institutionen T\u00e4tige, die die speziellen Rahmenbedingungen und Themen Ihres Arbeitsalltags aufgreift. Gleichwohl gehe ich davon aus, dass auch selbst\u00e4ndig t\u00e4tige Psychotherapeuten sich von den Vortr\u00e4gen &hellip; <a href=\"https:\/\/www.psychologie-aktuell.info\/reha\/2012\/08\/psychohygiene-in-institutionen-fachtagung-am-freitag-12-10-2012-in-saarbrucken\/\">Weiterlesen <span class=\"meta-nav\">&rarr;<\/span><\/a><\/p>\n","protected":false},"author":1,"featured_media":0,"comment_status":"closed","ping_status":"closed","sticky":false,"template":"","format":"standard","meta":{"_jetpack_memberships_contains_paid_content":false,"footnotes":""},"categories":[36],"tags":[],"class_list":["post-5736","post","type-post","status-publish","format-standard","hentry","category-termine"],"jetpack_featured_media_url":"","jetpack_shortlink":"https:\/\/wp.me\/p1fMVY-1uw","jetpack_sharing_enabled":true,"_links":{"self":[{"href":"https:\/\/www.psychologie-aktuell.info\/reha\/wp-json\/wp\/v2\/posts\/5736","targetHints":{"allow":["GET"]}}],"collection":[{"href":"https:\/\/www.psychologie-aktuell.info\/reha\/wp-json\/wp\/v2\/posts"}],"about":[{"href":"https:\/\/www.psychologie-aktuell.info\/reha\/wp-json\/wp\/v2\/types\/post"}],"author":[{"embeddable":true,"href":"https:\/\/www.psychologie-aktuell.info\/reha\/wp-json\/wp\/v2\/users\/1"}],"replies":[{"embeddable":true,"href":"https:\/\/www.psychologie-aktuell.info\/reha\/wp-json\/wp\/v2\/comments?post=5736"}],"version-history":[{"count":1,"href":"https:\/\/www.psychologie-aktuell.info\/reha\/wp-json\/wp\/v2\/posts\/5736\/revisions"}],"predecessor-version":[{"id":5737,"href":"https:\/\/www.psychologie-aktuell.info\/reha\/wp-json\/wp\/v2\/posts\/5736\/revisions\/5737"}],"wp:attachment":[{"href":"https:\/\/www.psychologie-aktuell.info\/reha\/wp-json\/wp\/v2\/media?parent=5736"}],"wp:term":[{"taxonomy":"category","embeddable":true,"href":"https:\/\/www.psychologie-aktuell.info\/reha\/wp-json\/wp\/v2\/categories?post=5736"},{"taxonomy":"post_tag","embeddable":true,"href":"https:\/\/www.psychologie-aktuell.info\/reha\/wp-json\/wp\/v2\/tags?post=5736"}],"curies":[{"name":"wp","href":"https:\/\/api.w.org\/{rel}","templated":true}]}}