{"id":6370,"date":"2013-01-29T08:24:33","date_gmt":"2013-01-29T07:24:33","guid":{"rendered":"http:\/\/www.psychologie-aktuell.info\/reha\/?p=6370"},"modified":"2013-01-29T08:27:44","modified_gmt":"2013-01-29T07:27:44","slug":"psychische-erkrankungen-steigen-2012","status":"publish","type":"post","link":"https:\/\/www.psychologie-aktuell.info\/reha\/2013\/01\/psychische-erkrankungen-steigen-2012\/","title":{"rendered":"Psychische Erkrankungen steigen 2012"},"content":{"rendered":"<blockquote><p>[aartikel]3816930093:right[\/aartikel]<strong><\/strong><strong><br \/>\n<\/strong>Neue Studie der DAK-Gesundheit: Unternehmen wollen mehr Unterst\u00fctzung bei Pr\u00e4vention<br \/>\nDepressionen und Co. weiter auf dem Vormarsch: Psychische Erkrankungen sind 2012 erneut gestiegen und werden damit f\u00fcr die Arbeitswelt zunehmend zum Problem. Die DAK-Gesundheit legt als erste Kasse neueste Analysen zum Krankenstand f\u00fcr das vergangene Jahr vor. Psychische Erkrankungen r\u00fcckten erstmals auf Platz zwei der Krankschreibungen. Sie sind 2012 um vier Prozent gestiegen. Nur Muskel und Skeletterkankungen verursachten noch mehr Ausfalltage. &#8230;<br \/>\nDer Anteil psychischer Erkrankungen am Krankenstand steigt seit Jahren kontinuierlich an. Das birgt wirtschaftliche Risiken f\u00fcr Unternehmen. Krankschreibungen aufgrund psychischer Diagnosen dauern im Durchschnitt 33 Tage. Ein professionelles betriebliches Gesundheitsmanagement kann hier gegensteuern. Damit die DAK-Gesundheit Unternehmen dabei noch besser unterst\u00fctzen kann, untersucht sie derzeit m\u00f6gliche Ursachen dieser Entwicklung. Die Ergebnisse wird sie Ende Februar im Rahmen ihres Gesundheitsreports vorstellen.<\/p><\/blockquote>\n<p>Quelle: <a href=\"http:\/\/www.presse.dak.de\/ps.nsf\/sbl\/93A9C78A95B79FC7C1257B01002EED2E?Open\" target=\"_blank\">DAK Presseserver<\/a><\/p>\n","protected":false},"excerpt":{"rendered":"<p>[aartikel]3816930093:right[\/aartikel] Neue Studie der DAK-Gesundheit: Unternehmen wollen mehr Unterst\u00fctzung bei Pr\u00e4vention Depressionen und Co. weiter auf dem Vormarsch: Psychische Erkrankungen sind 2012 erneut gestiegen und werden damit f\u00fcr die Arbeitswelt zunehmend zum Problem. Die DAK-Gesundheit legt als erste Kasse neueste &hellip; <a href=\"https:\/\/www.psychologie-aktuell.info\/reha\/2013\/01\/psychische-erkrankungen-steigen-2012\/\">Weiterlesen <span class=\"meta-nav\">&rarr;<\/span><\/a><\/p>\n","protected":false},"author":1,"featured_media":0,"comment_status":"closed","ping_status":"closed","sticky":false,"template":"","format":"standard","meta":{"_jetpack_memberships_contains_paid_content":false,"footnotes":""},"categories":[21],"tags":[],"class_list":["post-6370","post","type-post","status-publish","format-standard","hentry","category-zeitschriftenartikel"],"jetpack_featured_media_url":"","jetpack_shortlink":"https:\/\/wp.me\/p1fMVY-1EK","jetpack_sharing_enabled":true,"_links":{"self":[{"href":"https:\/\/www.psychologie-aktuell.info\/reha\/wp-json\/wp\/v2\/posts\/6370","targetHints":{"allow":["GET"]}}],"collection":[{"href":"https:\/\/www.psychologie-aktuell.info\/reha\/wp-json\/wp\/v2\/posts"}],"about":[{"href":"https:\/\/www.psychologie-aktuell.info\/reha\/wp-json\/wp\/v2\/types\/post"}],"author":[{"embeddable":true,"href":"https:\/\/www.psychologie-aktuell.info\/reha\/wp-json\/wp\/v2\/users\/1"}],"replies":[{"embeddable":true,"href":"https:\/\/www.psychologie-aktuell.info\/reha\/wp-json\/wp\/v2\/comments?post=6370"}],"version-history":[{"count":2,"href":"https:\/\/www.psychologie-aktuell.info\/reha\/wp-json\/wp\/v2\/posts\/6370\/revisions"}],"predecessor-version":[{"id":6372,"href":"https:\/\/www.psychologie-aktuell.info\/reha\/wp-json\/wp\/v2\/posts\/6370\/revisions\/6372"}],"wp:attachment":[{"href":"https:\/\/www.psychologie-aktuell.info\/reha\/wp-json\/wp\/v2\/media?parent=6370"}],"wp:term":[{"taxonomy":"category","embeddable":true,"href":"https:\/\/www.psychologie-aktuell.info\/reha\/wp-json\/wp\/v2\/categories?post=6370"},{"taxonomy":"post_tag","embeddable":true,"href":"https:\/\/www.psychologie-aktuell.info\/reha\/wp-json\/wp\/v2\/tags?post=6370"}],"curies":[{"name":"wp","href":"https:\/\/api.w.org\/{rel}","templated":true}]}}