{"id":6399,"date":"2013-01-31T08:17:14","date_gmt":"2013-01-31T07:17:14","guid":{"rendered":"http:\/\/www.psychologie-aktuell.info\/reha\/?p=6399"},"modified":"2013-01-31T14:45:17","modified_gmt":"2013-01-31T13:45:17","slug":"patientenkompetenz-und-selfempowerment-bei-patientinnen-mit-brustkrebs-im-fruhstadium-ein-modell-der-kompetenzberatung","status":"publish","type":"post","link":"https:\/\/www.psychologie-aktuell.info\/reha\/2013\/01\/patientenkompetenz-und-selfempowerment-bei-patientinnen-mit-brustkrebs-im-fruhstadium-ein-modell-der-kompetenzberatung\/","title":{"rendered":"Patientenkompetenz und Selfempowerment bei Patientinnen mit Brustkrebs im Fr\u00fchstadium: Ein Modell der Kompetenzberatung"},"content":{"rendered":"<blockquote><p><strong>Gerd Nagel, Delia Schreiber [aartikel]3442167892:right[\/aartikel]<br \/>\n<\/strong>Der von Krebspatienten gepr\u00e4gte Begriff Patientenkompetenz bezieht sich auf die Frage, was ich als Patient selbst zur Krankheitsbew\u00e4ltigung beitragen kann? Diese Frage \u00fcberfordert viele Patienten, speziell nach der Diagnosestellung. Selfempowerment als F\u00e4higkeit, die eigenen Ressourcen zur Krankheitsbew\u00e4ltigung zu nutzen, muss gelernt werden. Zu diesem Zweck besteht am Brustzentrum Z\u00fcrich seit 2007 eine spezielle Sprechstunde, wo sich Patientinnen zum Selfempowerment beraten lassen k\u00f6nnen.<br \/>\nWir berichten hier \u00fcber die Prinzipien und Ergebnisse dieser Beratungen am Beispiel von 400 Patientinnen mit nicht metastasierendem Mammakarzinom.<\/p><\/blockquote>\n<p>Quelle: <a href=\"https:\/\/www.thieme-connect.de\/ejournals\/abstract\/10.1055\/s-0032-1314718\">Thieme E-Journals &#8211; Deutsche Zeitschrift f\u00fcr Onkologie \/ Abstract<\/a>.<\/p>\n","protected":false},"excerpt":{"rendered":"<p>Gerd Nagel, Delia Schreiber [aartikel]3442167892:right[\/aartikel] Der von Krebspatienten gepr\u00e4gte Begriff Patientenkompetenz bezieht sich auf die Frage, was ich als Patient selbst zur Krankheitsbew\u00e4ltigung beitragen kann? Diese Frage \u00fcberfordert viele Patienten, speziell nach der Diagnosestellung. Selfempowerment als F\u00e4higkeit, die eigenen Ressourcen &hellip; <a href=\"https:\/\/www.psychologie-aktuell.info\/reha\/2013\/01\/patientenkompetenz-und-selfempowerment-bei-patientinnen-mit-brustkrebs-im-fruhstadium-ein-modell-der-kompetenzberatung\/\">Weiterlesen <span class=\"meta-nav\">&rarr;<\/span><\/a><\/p>\n","protected":false},"author":1,"featured_media":0,"comment_status":"closed","ping_status":"closed","sticky":false,"template":"","format":"standard","meta":{"_jetpack_memberships_contains_paid_content":false,"footnotes":""},"categories":[21],"tags":[],"class_list":["post-6399","post","type-post","status-publish","format-standard","hentry","category-zeitschriftenartikel"],"jetpack_featured_media_url":"","jetpack_shortlink":"https:\/\/wp.me\/p1fMVY-1Fd","jetpack_sharing_enabled":true,"_links":{"self":[{"href":"https:\/\/www.psychologie-aktuell.info\/reha\/wp-json\/wp\/v2\/posts\/6399","targetHints":{"allow":["GET"]}}],"collection":[{"href":"https:\/\/www.psychologie-aktuell.info\/reha\/wp-json\/wp\/v2\/posts"}],"about":[{"href":"https:\/\/www.psychologie-aktuell.info\/reha\/wp-json\/wp\/v2\/types\/post"}],"author":[{"embeddable":true,"href":"https:\/\/www.psychologie-aktuell.info\/reha\/wp-json\/wp\/v2\/users\/1"}],"replies":[{"embeddable":true,"href":"https:\/\/www.psychologie-aktuell.info\/reha\/wp-json\/wp\/v2\/comments?post=6399"}],"version-history":[{"count":3,"href":"https:\/\/www.psychologie-aktuell.info\/reha\/wp-json\/wp\/v2\/posts\/6399\/revisions"}],"predecessor-version":[{"id":6418,"href":"https:\/\/www.psychologie-aktuell.info\/reha\/wp-json\/wp\/v2\/posts\/6399\/revisions\/6418"}],"wp:attachment":[{"href":"https:\/\/www.psychologie-aktuell.info\/reha\/wp-json\/wp\/v2\/media?parent=6399"}],"wp:term":[{"taxonomy":"category","embeddable":true,"href":"https:\/\/www.psychologie-aktuell.info\/reha\/wp-json\/wp\/v2\/categories?post=6399"},{"taxonomy":"post_tag","embeddable":true,"href":"https:\/\/www.psychologie-aktuell.info\/reha\/wp-json\/wp\/v2\/tags?post=6399"}],"curies":[{"name":"wp","href":"https:\/\/api.w.org\/{rel}","templated":true}]}}