{"id":640,"date":"2009-08-04T16:55:00","date_gmt":"2009-08-04T14:55:00","guid":{"rendered":"http:\/\/www.reha-psychologie.net\/reha\/2009\/08\/lange-arbeitszeiten-beeintrachtigen-schlaf-und-herz\/"},"modified":"2009-09-10T10:01:01","modified_gmt":"2009-09-10T08:01:01","slug":"lange-arbeitszeiten-beeintrachtigen-schlaf-und-herz","status":"publish","type":"post","link":"https:\/\/www.psychologie-aktuell.info\/reha\/2009\/08\/lange-arbeitszeiten-beeintrachtigen-schlaf-und-herz\/","title":{"rendered":"Lange Arbeitszeiten beeintr\u00e4chtigen Schlaf und Herz"},"content":{"rendered":"<blockquote><p>Der Anteil von Besch\u00e4ftigten, die \u00fcber Schlafst\u00f6rungen klagen, nimmt mit der Dauer der geleisteten Arbeitszeit zu. Ingesamt steigt das Risiko gesundheitlicher Beeintr\u00e4chtigungen bei langen Arbeitszeiten. Zu diesem Ergebnis kommt eine Untersuchung der Bundesanstalt f\u00fcr Arbeitsschutz und Arbeitsmedizin (BAuA).<\/p><\/blockquote>\n<p>Quelle: <a href=\"http:\/\/www.aerztezeitung.de\/medizin\/krankheiten\/neuro-psychiatrische_krankheiten\/?sid=546194\" target=\"_blank\">\u00c4rztezeitung<\/a><a href=\"http:\/\/www.aerztezeitung.de\/medizin\/krankheiten\/neuro-psychiatrische_krankheiten\/?sid=546194\" target=\"_blank\"><\/a><\/p>\n","protected":false},"excerpt":{"rendered":"<p>Der Anteil von Besch\u00e4ftigten, die \u00fcber Schlafst\u00f6rungen klagen, nimmt mit der Dauer der geleisteten Arbeitszeit zu. Ingesamt steigt das Risiko gesundheitlicher Beeintr\u00e4chtigungen bei langen Arbeitszeiten. Zu diesem Ergebnis kommt eine Untersuchung der Bundesanstalt f\u00fcr Arbeitsschutz und Arbeitsmedizin (BAuA). Quelle: \u00c4rztezeitung<\/p>\n","protected":false},"author":1,"featured_media":0,"comment_status":"open","ping_status":"open","sticky":false,"template":"","format":"standard","meta":{"_jetpack_memberships_contains_paid_content":false,"footnotes":""},"categories":[21],"tags":[29,101],"class_list":["post-640","post","type-post","status-publish","format-standard","hentry","category-zeitschriftenartikel","tag-arbeit-beruf","tag-schlafstorungen"],"jetpack_featured_media_url":"","jetpack_shortlink":"https:\/\/wp.me\/p1fMVY-ak","jetpack_sharing_enabled":true,"_links":{"self":[{"href":"https:\/\/www.psychologie-aktuell.info\/reha\/wp-json\/wp\/v2\/posts\/640","targetHints":{"allow":["GET"]}}],"collection":[{"href":"https:\/\/www.psychologie-aktuell.info\/reha\/wp-json\/wp\/v2\/posts"}],"about":[{"href":"https:\/\/www.psychologie-aktuell.info\/reha\/wp-json\/wp\/v2\/types\/post"}],"author":[{"embeddable":true,"href":"https:\/\/www.psychologie-aktuell.info\/reha\/wp-json\/wp\/v2\/users\/1"}],"replies":[{"embeddable":true,"href":"https:\/\/www.psychologie-aktuell.info\/reha\/wp-json\/wp\/v2\/comments?post=640"}],"version-history":[{"count":3,"href":"https:\/\/www.psychologie-aktuell.info\/reha\/wp-json\/wp\/v2\/posts\/640\/revisions"}],"predecessor-version":[{"id":702,"href":"https:\/\/www.psychologie-aktuell.info\/reha\/wp-json\/wp\/v2\/posts\/640\/revisions\/702"}],"wp:attachment":[{"href":"https:\/\/www.psychologie-aktuell.info\/reha\/wp-json\/wp\/v2\/media?parent=640"}],"wp:term":[{"taxonomy":"category","embeddable":true,"href":"https:\/\/www.psychologie-aktuell.info\/reha\/wp-json\/wp\/v2\/categories?post=640"},{"taxonomy":"post_tag","embeddable":true,"href":"https:\/\/www.psychologie-aktuell.info\/reha\/wp-json\/wp\/v2\/tags?post=640"}],"curies":[{"name":"wp","href":"https:\/\/api.w.org\/{rel}","templated":true}]}}