{"id":6402,"date":"2013-02-06T07:28:39","date_gmt":"2013-02-06T06:28:39","guid":{"rendered":"http:\/\/www.psychologie-aktuell.info\/reha\/?p=6402"},"modified":"2013-01-31T20:30:34","modified_gmt":"2013-01-31T19:30:34","slug":"dysfunktionale-emotionsregulation-als-grundlegendes-merkmal-von-jugendlichen-mit-angst-und-depressiven-storungen","status":"publish","type":"post","link":"https:\/\/www.psychologie-aktuell.info\/reha\/2013\/02\/dysfunktionale-emotionsregulation-als-grundlegendes-merkmal-von-jugendlichen-mit-angst-und-depressiven-storungen\/","title":{"rendered":"Dysfunktionale Emotionsregulation als grundlegendes Merkmal von Jugendlichen mit Angst- und depressiven St\u00f6rungen"},"content":{"rendered":"<blockquote><p><strong>A. Kullik, F. Petermann<\/strong> [aartikel]3642052290:right[\/aartikel]<br \/>\nHintergrund: Depression und Angstst\u00f6rungen z\u00e4hlen zu den h\u00e4ufigsten St\u00f6rungen im Jugendalter und treten oft komorbid auf. Ziel der Studie war es, Emotionsregulation als gemeinsamen sowie differenzierenden Einflussfaktor zu untersuchen.<br \/>\nMethode: Gematchte Stichproben von depressiven und \u00e4ngstlichen Jugendlichen und eine Kontrollstichprobe (12 &#8211; 16 Jahre; n = 60) wurden hinsichtlich ihrer Emotionsregulation miteinander verglichen.<!--more--> Varianzanalysen und t-Tests dienten der Untersuchung von Gruppenunterschieden bei der Emotionsregulation. Unterschiede in einzelnen Regulationsstrategien zwischen den beiden St\u00f6rungsbildern wurden explorativ untersucht.<br \/>\nErgebnisse: Depressive und \u00c4ngstliche regulierten ihre Emotionen dysfunktionaler als gesunde Gleichaltrige. Weder f\u00fcr die Summe der dysfunktionalen Emotionsregulation noch f\u00fcr einzelne Strategien konnten Unterschiede zwischen beiden St\u00f6rungsgruppen aufgedeckt werden.<br \/>\nSchlussfolgerungen: Die Identifikation und Modifikation von dysfunktionaler Emotionsregulation bei Jugendlichen mit Angst- und depressiven St\u00f6rungen k\u00f6nnen zuk\u00fcnftige Pr\u00e4vention und Intervention wesentlich unterst\u00fctzen.<\/p><\/blockquote>\n<p>Quelle: <a href=\"https:\/\/www.thieme-connect.de\/ejournals\/abstract\/10.1055\/s-0032-1330320\">Thieme E-Journals &#8211; Fortschritte der Neurologie \u00b7 Psychiatrie \/ Abstract<\/a>.<\/p>\n","protected":false},"excerpt":{"rendered":"<p>A. Kullik, F. Petermann [aartikel]3642052290:right[\/aartikel] Hintergrund: Depression und Angstst\u00f6rungen z\u00e4hlen zu den h\u00e4ufigsten St\u00f6rungen im Jugendalter und treten oft komorbid auf. Ziel der Studie war es, Emotionsregulation als gemeinsamen sowie differenzierenden Einflussfaktor zu untersuchen. Methode: Gematchte Stichproben von depressiven und &hellip; <a href=\"https:\/\/www.psychologie-aktuell.info\/reha\/2013\/02\/dysfunktionale-emotionsregulation-als-grundlegendes-merkmal-von-jugendlichen-mit-angst-und-depressiven-storungen\/\">Weiterlesen <span class=\"meta-nav\">&rarr;<\/span><\/a><\/p>\n","protected":false},"author":1,"featured_media":0,"comment_status":"closed","ping_status":"closed","sticky":false,"template":"","format":"standard","meta":{"_jetpack_memberships_contains_paid_content":false,"footnotes":""},"categories":[21],"tags":[],"class_list":["post-6402","post","type-post","status-publish","format-standard","hentry","category-zeitschriftenartikel"],"jetpack_featured_media_url":"","jetpack_shortlink":"https:\/\/wp.me\/p1fMVY-1Fg","jetpack_sharing_enabled":true,"_links":{"self":[{"href":"https:\/\/www.psychologie-aktuell.info\/reha\/wp-json\/wp\/v2\/posts\/6402","targetHints":{"allow":["GET"]}}],"collection":[{"href":"https:\/\/www.psychologie-aktuell.info\/reha\/wp-json\/wp\/v2\/posts"}],"about":[{"href":"https:\/\/www.psychologie-aktuell.info\/reha\/wp-json\/wp\/v2\/types\/post"}],"author":[{"embeddable":true,"href":"https:\/\/www.psychologie-aktuell.info\/reha\/wp-json\/wp\/v2\/users\/1"}],"replies":[{"embeddable":true,"href":"https:\/\/www.psychologie-aktuell.info\/reha\/wp-json\/wp\/v2\/comments?post=6402"}],"version-history":[{"count":1,"href":"https:\/\/www.psychologie-aktuell.info\/reha\/wp-json\/wp\/v2\/posts\/6402\/revisions"}],"predecessor-version":[{"id":6431,"href":"https:\/\/www.psychologie-aktuell.info\/reha\/wp-json\/wp\/v2\/posts\/6402\/revisions\/6431"}],"wp:attachment":[{"href":"https:\/\/www.psychologie-aktuell.info\/reha\/wp-json\/wp\/v2\/media?parent=6402"}],"wp:term":[{"taxonomy":"category","embeddable":true,"href":"https:\/\/www.psychologie-aktuell.info\/reha\/wp-json\/wp\/v2\/categories?post=6402"},{"taxonomy":"post_tag","embeddable":true,"href":"https:\/\/www.psychologie-aktuell.info\/reha\/wp-json\/wp\/v2\/tags?post=6402"}],"curies":[{"name":"wp","href":"https:\/\/api.w.org\/{rel}","templated":true}]}}