{"id":6403,"date":"2013-02-05T06:26:51","date_gmt":"2013-02-05T05:26:51","guid":{"rendered":"http:\/\/www.psychologie-aktuell.info\/reha\/?p=6403"},"modified":"2013-01-31T20:28:19","modified_gmt":"2013-01-31T19:28:19","slug":"psychische-und-somatische-beschwerden-bei-medizinstudierenden","status":"publish","type":"post","link":"https:\/\/www.psychologie-aktuell.info\/reha\/2013\/02\/psychische-und-somatische-beschwerden-bei-medizinstudierenden\/","title":{"rendered":"Psychische und somatische Beschwerden bei Medizinstudierenden"},"content":{"rendered":"<blockquote><p><strong>Elmar Gr\u00e4\u00dfel, Stefanie Lampen-Imkamp, Siegfried Lehrl, Kai G\u00fcnter Kahl<\/strong> [aartikel]3842873808:right[\/aartikel]<br \/>\nAnliegen: Pr\u00fcfung, ob K\u00f6rperbeschwerden, Angst und Depressivit\u00e4t bei Medizinstudenten h\u00e4ufiger als in der Normalbev\u00f6lkerung sind.<br \/>\nMethode: L\u00e4ngsschnittstudie bei 146 der 150 Erstsemester-Medizinstudenten mit den Skalen \u201eHADS-D\u201c und \u201eGBB-24\u201c.<br \/>\nErgebnisse: Fast die H\u00e4lfte der Studienanf\u00e4nger im Medizinstudium leiden an Auff\u00e4lligkeiten im Bereich emotionaler und k\u00f6rperlicher Beschwerden. Studenten aus medizinnahen Familien sind in geringerem Umfang betroffen.<br \/>\nSchlussfolgerungen: Mit Screeningtests lassen sich fr\u00fchzeitig Auff\u00e4lligkeiten bei Medizinstudenten erkennen, die ohne Behandlung nicht remittieren.<\/p><\/blockquote>\n<p>Quelle: <a href=\"https:\/\/www.thieme-connect.de\/ejournals\/abstract\/10.1055\/s-0032-1327195\">Thieme E-Journals &#8211; Psychiatrische Praxis \/ Abstract<\/a>.<\/p>\n","protected":false},"excerpt":{"rendered":"<p>Elmar Gr\u00e4\u00dfel, Stefanie Lampen-Imkamp, Siegfried Lehrl, Kai G\u00fcnter Kahl [aartikel]3842873808:right[\/aartikel] Anliegen: Pr\u00fcfung, ob K\u00f6rperbeschwerden, Angst und Depressivit\u00e4t bei Medizinstudenten h\u00e4ufiger als in der Normalbev\u00f6lkerung sind. Methode: L\u00e4ngsschnittstudie bei 146 der 150 Erstsemester-Medizinstudenten mit den Skalen \u201eHADS-D\u201c und \u201eGBB-24\u201c. Ergebnisse: Fast &hellip; <a href=\"https:\/\/www.psychologie-aktuell.info\/reha\/2013\/02\/psychische-und-somatische-beschwerden-bei-medizinstudierenden\/\">Weiterlesen <span class=\"meta-nav\">&rarr;<\/span><\/a><\/p>\n","protected":false},"author":1,"featured_media":0,"comment_status":"closed","ping_status":"closed","sticky":false,"template":"","format":"standard","meta":{"_jetpack_memberships_contains_paid_content":false,"footnotes":""},"categories":[21],"tags":[],"class_list":["post-6403","post","type-post","status-publish","format-standard","hentry","category-zeitschriftenartikel"],"jetpack_featured_media_url":"","jetpack_shortlink":"https:\/\/wp.me\/p1fMVY-1Fh","jetpack_sharing_enabled":true,"_links":{"self":[{"href":"https:\/\/www.psychologie-aktuell.info\/reha\/wp-json\/wp\/v2\/posts\/6403","targetHints":{"allow":["GET"]}}],"collection":[{"href":"https:\/\/www.psychologie-aktuell.info\/reha\/wp-json\/wp\/v2\/posts"}],"about":[{"href":"https:\/\/www.psychologie-aktuell.info\/reha\/wp-json\/wp\/v2\/types\/post"}],"author":[{"embeddable":true,"href":"https:\/\/www.psychologie-aktuell.info\/reha\/wp-json\/wp\/v2\/users\/1"}],"replies":[{"embeddable":true,"href":"https:\/\/www.psychologie-aktuell.info\/reha\/wp-json\/wp\/v2\/comments?post=6403"}],"version-history":[{"count":1,"href":"https:\/\/www.psychologie-aktuell.info\/reha\/wp-json\/wp\/v2\/posts\/6403\/revisions"}],"predecessor-version":[{"id":6430,"href":"https:\/\/www.psychologie-aktuell.info\/reha\/wp-json\/wp\/v2\/posts\/6403\/revisions\/6430"}],"wp:attachment":[{"href":"https:\/\/www.psychologie-aktuell.info\/reha\/wp-json\/wp\/v2\/media?parent=6403"}],"wp:term":[{"taxonomy":"category","embeddable":true,"href":"https:\/\/www.psychologie-aktuell.info\/reha\/wp-json\/wp\/v2\/categories?post=6403"},{"taxonomy":"post_tag","embeddable":true,"href":"https:\/\/www.psychologie-aktuell.info\/reha\/wp-json\/wp\/v2\/tags?post=6403"}],"curies":[{"name":"wp","href":"https:\/\/api.w.org\/{rel}","templated":true}]}}