{"id":6404,"date":"2013-02-08T08:32:34","date_gmt":"2013-02-08T07:32:34","guid":{"rendered":"http:\/\/www.psychologie-aktuell.info\/reha\/?p=6404"},"modified":"2013-02-08T12:30:46","modified_gmt":"2013-02-08T11:30:46","slug":"religiose-und-spirituelle-einstellungen-psychiatrischer-patienten","status":"publish","type":"post","link":"https:\/\/www.psychologie-aktuell.info\/reha\/2013\/02\/religiose-und-spirituelle-einstellungen-psychiatrischer-patienten\/","title":{"rendered":"Religi\u00f6se und spirituelle Einstellungen psychiatrischer Patienten"},"content":{"rendered":"<blockquote><p><strong>Thomas Reker, Ralph Menke [aartikel]3940636061:right[\/aartikel]<br \/>\n<\/strong>Anliegen: Religion und Spiritualit\u00e4t wurden in der Psychiatrie als neurotisches oder psychopathologisches Ph\u00e4nomen, aber auch zunehmend als eigenst\u00e4ndige Dimension und Ressource betrachtet.<br \/>\nMethode: In 3 Kliniken Erhebung religi\u00f6ser und spiritueller Einstellungen in Bezug auf Therapie, Krankheitsbew\u00e4ltigung und Seelsorge bei Patienten mit schizophrenen oder affektiven St\u00f6rungen; Messung der Religiosit\u00e4t durch die Zentralit\u00e4tsskala des RST.<br \/>\nErgebnisse: Von 216 Untersuchten sch\u00e4tzen sich 25 % als nicht religi\u00f6s, 61 % als religi\u00f6s und 14 % als hochreligi\u00f6s ein. Kein signifikanter Einfluss von Diagnose, Schulbildung, Geschlecht, Krankheitsdauer und gesundheitlicher Selbsteinsch\u00e4tzung auf Religiosit\u00e4t, positive Korrelation mit h\u00f6herem Lebensalter. Beurteilung der Krankenhausseelsorge als sehr hilfreich, Hinweise auf positive Effekte von Religiosit\u00e4t auf Krankheitsbew\u00e4ltigung.<br \/>\nSchlussfolgerungen: Religion und Spiritualit\u00e4t spielen f\u00fcr viele eine wichtige Rolle. Sie sollten st\u00e4rker in der Praxis und Forschung ber\u00fccksichtigt werden.<\/p><\/blockquote>\n<p>via <a href=\"https:\/\/www.thieme-connect.de\/ejournals\/abstract\/10.1055\/s-0032-1327242\">Thieme E-Journals &#8211; Psychiatrische Praxis \/ Abstract<\/a>.<\/p>\n","protected":false},"excerpt":{"rendered":"<p>Thomas Reker, Ralph Menke [aartikel]3940636061:right[\/aartikel] Anliegen: Religion und Spiritualit\u00e4t wurden in der Psychiatrie als neurotisches oder psychopathologisches Ph\u00e4nomen, aber auch zunehmend als eigenst\u00e4ndige Dimension und Ressource betrachtet. Methode: In 3 Kliniken Erhebung religi\u00f6ser und spiritueller Einstellungen in Bezug auf Therapie, &hellip; <a href=\"https:\/\/www.psychologie-aktuell.info\/reha\/2013\/02\/religiose-und-spirituelle-einstellungen-psychiatrischer-patienten\/\">Weiterlesen <span class=\"meta-nav\">&rarr;<\/span><\/a><\/p>\n","protected":false},"author":1,"featured_media":0,"comment_status":"closed","ping_status":"closed","sticky":false,"template":"","format":"standard","meta":{"_jetpack_memberships_contains_paid_content":false,"footnotes":""},"categories":[21],"tags":[],"class_list":["post-6404","post","type-post","status-publish","format-standard","hentry","category-zeitschriftenartikel"],"jetpack_featured_media_url":"","jetpack_shortlink":"https:\/\/wp.me\/p1fMVY-1Fi","jetpack_sharing_enabled":true,"_links":{"self":[{"href":"https:\/\/www.psychologie-aktuell.info\/reha\/wp-json\/wp\/v2\/posts\/6404","targetHints":{"allow":["GET"]}}],"collection":[{"href":"https:\/\/www.psychologie-aktuell.info\/reha\/wp-json\/wp\/v2\/posts"}],"about":[{"href":"https:\/\/www.psychologie-aktuell.info\/reha\/wp-json\/wp\/v2\/types\/post"}],"author":[{"embeddable":true,"href":"https:\/\/www.psychologie-aktuell.info\/reha\/wp-json\/wp\/v2\/users\/1"}],"replies":[{"embeddable":true,"href":"https:\/\/www.psychologie-aktuell.info\/reha\/wp-json\/wp\/v2\/comments?post=6404"}],"version-history":[{"count":3,"href":"https:\/\/www.psychologie-aktuell.info\/reha\/wp-json\/wp\/v2\/posts\/6404\/revisions"}],"predecessor-version":[{"id":6453,"href":"https:\/\/www.psychologie-aktuell.info\/reha\/wp-json\/wp\/v2\/posts\/6404\/revisions\/6453"}],"wp:attachment":[{"href":"https:\/\/www.psychologie-aktuell.info\/reha\/wp-json\/wp\/v2\/media?parent=6404"}],"wp:term":[{"taxonomy":"category","embeddable":true,"href":"https:\/\/www.psychologie-aktuell.info\/reha\/wp-json\/wp\/v2\/categories?post=6404"},{"taxonomy":"post_tag","embeddable":true,"href":"https:\/\/www.psychologie-aktuell.info\/reha\/wp-json\/wp\/v2\/tags?post=6404"}],"curies":[{"name":"wp","href":"https:\/\/api.w.org\/{rel}","templated":true}]}}