{"id":6407,"date":"2013-02-09T06:34:29","date_gmt":"2013-02-09T05:34:29","guid":{"rendered":"http:\/\/www.psychologie-aktuell.info\/reha\/?p=6407"},"modified":"2013-01-31T20:36:12","modified_gmt":"2013-01-31T19:36:12","slug":"internet-und-mediengestutzte-therapie","status":"publish","type":"post","link":"https:\/\/www.psychologie-aktuell.info\/reha\/2013\/02\/internet-und-mediengestutzte-therapie\/","title":{"rendered":"Internet- und mediengest\u00fctzte Therapie"},"content":{"rendered":"<blockquote><p><strong>Hans Kordy [aartikel]3131650117:right[\/aartikel] <\/strong><br \/>\nIn der Interneteuphorie um die Jahrtausendwende starteten einige Wagemutige erste Initiativen zu dem, was heute E-Mental Health genannt wird. Seither w\u00e4chst die Evidenz f\u00fcr den Nutzen von spezifischen E-Mental Health Angeboten f\u00fcr die Gesundheitsversorgung. Einige Ans\u00e4tze haben sich wissenschaftlich soweit bew\u00e4hrt, dass die \u00dcbertragung in die Regelversorgung versucht werden kann. Andere haben in Studien viel versprechende erste Ergebnisse gezeigt und wieder andere haben deutliche Hinweise geliefert, dass sich nicht alle Hoffnungen erf\u00fcllen werden. In diesem Beitrag m\u00f6chten wir zur Diskussion stellen, was wir in den zur\u00fcckliegenden gut 10 Jahren aus unseren diversen E-Mental Health-Projekten und beim Blick auf Projekte in Nachbars Garten gelernt haben und welche Schl\u00fcsse wir daraus f\u00fcr die Zukunft von E-Mental Health in der Gesundheitsversorgung und Forschung ziehen.<\/p><\/blockquote>\n<p>Quelle: <a href=\"https:\/\/www.thieme-connect.de\/ejournals\/abstract\/10.1055\/s-0032-1327683\">Thieme E-Journals &#8211; PPmP &#8211; Psychotherapie \u00b7 Psychosomatik \u00b7 Medizinische Psychologie \/ Abstract<\/a>.<\/p>\n","protected":false},"excerpt":{"rendered":"<p>Hans Kordy [aartikel]3131650117:right[\/aartikel] In der Interneteuphorie um die Jahrtausendwende starteten einige Wagemutige erste Initiativen zu dem, was heute E-Mental Health genannt wird. Seither w\u00e4chst die Evidenz f\u00fcr den Nutzen von spezifischen E-Mental Health Angeboten f\u00fcr die Gesundheitsversorgung. Einige Ans\u00e4tze haben &hellip; <a href=\"https:\/\/www.psychologie-aktuell.info\/reha\/2013\/02\/internet-und-mediengestutzte-therapie\/\">Weiterlesen <span class=\"meta-nav\">&rarr;<\/span><\/a><\/p>\n","protected":false},"author":1,"featured_media":0,"comment_status":"closed","ping_status":"closed","sticky":false,"template":"","format":"standard","meta":{"_jetpack_memberships_contains_paid_content":false,"footnotes":""},"categories":[21],"tags":[],"class_list":["post-6407","post","type-post","status-publish","format-standard","hentry","category-zeitschriftenartikel"],"jetpack_featured_media_url":"","jetpack_shortlink":"https:\/\/wp.me\/p1fMVY-1Fl","jetpack_sharing_enabled":true,"_links":{"self":[{"href":"https:\/\/www.psychologie-aktuell.info\/reha\/wp-json\/wp\/v2\/posts\/6407","targetHints":{"allow":["GET"]}}],"collection":[{"href":"https:\/\/www.psychologie-aktuell.info\/reha\/wp-json\/wp\/v2\/posts"}],"about":[{"href":"https:\/\/www.psychologie-aktuell.info\/reha\/wp-json\/wp\/v2\/types\/post"}],"author":[{"embeddable":true,"href":"https:\/\/www.psychologie-aktuell.info\/reha\/wp-json\/wp\/v2\/users\/1"}],"replies":[{"embeddable":true,"href":"https:\/\/www.psychologie-aktuell.info\/reha\/wp-json\/wp\/v2\/comments?post=6407"}],"version-history":[{"count":1,"href":"https:\/\/www.psychologie-aktuell.info\/reha\/wp-json\/wp\/v2\/posts\/6407\/revisions"}],"predecessor-version":[{"id":6434,"href":"https:\/\/www.psychologie-aktuell.info\/reha\/wp-json\/wp\/v2\/posts\/6407\/revisions\/6434"}],"wp:attachment":[{"href":"https:\/\/www.psychologie-aktuell.info\/reha\/wp-json\/wp\/v2\/media?parent=6407"}],"wp:term":[{"taxonomy":"category","embeddable":true,"href":"https:\/\/www.psychologie-aktuell.info\/reha\/wp-json\/wp\/v2\/categories?post=6407"},{"taxonomy":"post_tag","embeddable":true,"href":"https:\/\/www.psychologie-aktuell.info\/reha\/wp-json\/wp\/v2\/tags?post=6407"}],"curies":[{"name":"wp","href":"https:\/\/api.w.org\/{rel}","templated":true}]}}