{"id":6415,"date":"2013-02-01T07:01:09","date_gmt":"2013-02-01T06:01:09","guid":{"rendered":"http:\/\/www.psychologie-aktuell.info\/reha\/?p=6415"},"modified":"2013-01-31T20:05:14","modified_gmt":"2013-01-31T19:05:14","slug":"sport-und-bewegungstherapie-bei-psychischen-erkrankungen","status":"publish","type":"post","link":"https:\/\/www.psychologie-aktuell.info\/reha\/2013\/02\/sport-und-bewegungstherapie-bei-psychischen-erkrankungen\/","title":{"rendered":"Sport- und Bewegungstherapie bei psychischen Erkrankungen"},"content":{"rendered":"<blockquote><p><strong>Matthias Weigelt, Yvonne Steggemann, Daniel Machlitt, Kai Engbert [aartikel]3871590959:right[\/aartikel] <\/strong><br \/>\nDie positive Wirkung von Sport- und Bewegungstherapie in der Behandlung depressiver Erkrankungen konnte in zahlreichen Interventionsstudien nachgewiesen werden und geh\u00f6rt heute zum station\u00e4ren Behandlungsalltag. Dennoch wurde bisher nur unzureichend untersucht, mit welcher sportlichen Bet\u00e4tigung \u00fcber welchen Zeitraum hinweg welche Effekte erzielt werden k\u00f6nnen. Der vorliegende Beitrag verfolgt das Ziel, Handlungsempfehlungen f\u00fcr die (Sport-)Therapie mit depressiven Patienten zu formulieren. <!--more-->Wir gehen davon aus, dass insbesondere durch die Integration von Psychotherapie und Sport- und Bewegungstherapie positive Effekte erzielt werden k\u00f6nnen. Diese Empfehlungen beinhalten (1) das spontane Initiieren von Handlungen und die F\u00f6rderung kognitiver Flexibilit\u00e4t, (2) das Erm\u00f6glichen und Entkatastrophisieren von Fehlern, (3) die Verbesserung der K\u00f6rperwahrnehmung, (4) die systematische Steigerung k\u00f6rperlicher Aktivit\u00e4t und (5) die Modifikation des Umgangs mit Belastungen. Auf Basis dieser Empfehlungen gilt es, Sport- und Bewegungstherapieprogramme zu entwickeln und zu evaluieren, die theoriegeleitet eine multiprofessionelle Depressionstherapie erm\u00f6glichen.<\/p><\/blockquote>\n<p>Quelle: <a href=\"https:\/\/www.thieme-connect.com\/ejournals\/abstract\/10.1055\/s-0032-1321414\">Thieme E-Journals &#8211; PiD &#8211; Psychotherapie im Dialog \/ Abstract<\/a>.<\/p>\n","protected":false},"excerpt":{"rendered":"<p>Matthias Weigelt, Yvonne Steggemann, Daniel Machlitt, Kai Engbert [aartikel]3871590959:right[\/aartikel] Die positive Wirkung von Sport- und Bewegungstherapie in der Behandlung depressiver Erkrankungen konnte in zahlreichen Interventionsstudien nachgewiesen werden und geh\u00f6rt heute zum station\u00e4ren Behandlungsalltag. Dennoch wurde bisher nur unzureichend untersucht, mit &hellip; <a href=\"https:\/\/www.psychologie-aktuell.info\/reha\/2013\/02\/sport-und-bewegungstherapie-bei-psychischen-erkrankungen\/\">Weiterlesen <span class=\"meta-nav\">&rarr;<\/span><\/a><\/p>\n","protected":false},"author":1,"featured_media":0,"comment_status":"closed","ping_status":"closed","sticky":false,"template":"","format":"standard","meta":{"_jetpack_memberships_contains_paid_content":false,"footnotes":""},"categories":[21],"tags":[],"class_list":["post-6415","post","type-post","status-publish","format-standard","hentry","category-zeitschriftenartikel"],"jetpack_featured_media_url":"","jetpack_shortlink":"https:\/\/wp.me\/p1fMVY-1Ft","jetpack_sharing_enabled":true,"_links":{"self":[{"href":"https:\/\/www.psychologie-aktuell.info\/reha\/wp-json\/wp\/v2\/posts\/6415","targetHints":{"allow":["GET"]}}],"collection":[{"href":"https:\/\/www.psychologie-aktuell.info\/reha\/wp-json\/wp\/v2\/posts"}],"about":[{"href":"https:\/\/www.psychologie-aktuell.info\/reha\/wp-json\/wp\/v2\/types\/post"}],"author":[{"embeddable":true,"href":"https:\/\/www.psychologie-aktuell.info\/reha\/wp-json\/wp\/v2\/users\/1"}],"replies":[{"embeddable":true,"href":"https:\/\/www.psychologie-aktuell.info\/reha\/wp-json\/wp\/v2\/comments?post=6415"}],"version-history":[{"count":2,"href":"https:\/\/www.psychologie-aktuell.info\/reha\/wp-json\/wp\/v2\/posts\/6415\/revisions"}],"predecessor-version":[{"id":6421,"href":"https:\/\/www.psychologie-aktuell.info\/reha\/wp-json\/wp\/v2\/posts\/6415\/revisions\/6421"}],"wp:attachment":[{"href":"https:\/\/www.psychologie-aktuell.info\/reha\/wp-json\/wp\/v2\/media?parent=6415"}],"wp:term":[{"taxonomy":"category","embeddable":true,"href":"https:\/\/www.psychologie-aktuell.info\/reha\/wp-json\/wp\/v2\/categories?post=6415"},{"taxonomy":"post_tag","embeddable":true,"href":"https:\/\/www.psychologie-aktuell.info\/reha\/wp-json\/wp\/v2\/tags?post=6415"}],"curies":[{"name":"wp","href":"https:\/\/api.w.org\/{rel}","templated":true}]}}