{"id":6507,"date":"2013-02-18T07:27:55","date_gmt":"2013-02-18T06:27:55","guid":{"rendered":"http:\/\/www.psychologie-aktuell.info\/reha\/?p=6507"},"modified":"2013-02-15T20:30:34","modified_gmt":"2013-02-15T19:30:34","slug":"gedachtnisdiagnostik-mit-der-wechsler-memory-scale-fourth-edition","status":"publish","type":"post","link":"https:\/\/www.psychologie-aktuell.info\/reha\/2013\/02\/gedachtnisdiagnostik-mit-der-wechsler-memory-scale-fourth-edition\/","title":{"rendered":"Ged\u00e4chtnisdiagnostik mit der Wechsler Memory Scale \u2013 Fourth Edition"},"content":{"rendered":"<blockquote>\n<div><strong>[aartikel]3801718573:right[\/aartikel]Anja C. Lepach, Franz Petermann<\/strong><br \/>\nErgebnisse zur Validierung der neuen Wechsler Memory Scale-IV (Deutsche Version) werden anhand von drei klinischen Stichproben (Depression, Hirnsch\u00e4digung, Demenz; N\u2009=\u2009165) vorgestellt. F\u00fcr alle drei Gruppen zeigen sich signifikante Unterschiede mit hohen Effektst\u00e4rken zu den parallelisierten gesunden Kontrollgruppen. W\u00e4hrend die Patienten mit Demenz global sehr niedrige Ergebnisse zeigten, sind die Leistungen der Patienten mit Depression im unteren Durchschnittsbereich und die der Patienten mit Hirnsch\u00e4digung weichen um 1,5 bis 2 Standardabweichungen nach unten ab. Damit zeigen sich erste Befunde, dass die WMS-IV nicht nur zwischen klinischen und nicht klinischen Gruppen trennen kann, sondern auch st\u00f6rungsbezogene Abstufungen von Ged\u00e4chtnisbeeintr\u00e4chtigungen darstellen kann.<\/div>\n<\/blockquote>\n<p>Quelle: <a href=\"http:\/\/psycontent.metapress.com\/content\/4636143027m01748\/\">Ged\u00e4chtnisdiagnostik mit der Wechsler Memory Scale \u2013 Fourth Edition &#8211; Zeitschrift f\u00fcr Neuropsychologie &#8211; Volume 23, Number 3 \/ 2012 &#8211; Verlag Hans Huber<\/a>.<\/p>\n","protected":false},"excerpt":{"rendered":"<p>[aartikel]3801718573:right[\/aartikel]Anja C. Lepach, Franz Petermann Ergebnisse zur Validierung der neuen Wechsler Memory Scale-IV (Deutsche Version) werden anhand von drei klinischen Stichproben (Depression, Hirnsch\u00e4digung, Demenz; N\u2009=\u2009165) vorgestellt. F\u00fcr alle drei Gruppen zeigen sich signifikante Unterschiede mit hohen Effektst\u00e4rken zu den parallelisierten &hellip; <a href=\"https:\/\/www.psychologie-aktuell.info\/reha\/2013\/02\/gedachtnisdiagnostik-mit-der-wechsler-memory-scale-fourth-edition\/\">Weiterlesen <span class=\"meta-nav\">&rarr;<\/span><\/a><\/p>\n","protected":false},"author":1,"featured_media":0,"comment_status":"closed","ping_status":"closed","sticky":false,"template":"","format":"standard","meta":{"_jetpack_memberships_contains_paid_content":false,"footnotes":""},"categories":[21],"tags":[],"class_list":["post-6507","post","type-post","status-publish","format-standard","hentry","category-zeitschriftenartikel"],"jetpack_featured_media_url":"","jetpack_shortlink":"https:\/\/wp.me\/p1fMVY-1GX","jetpack_sharing_enabled":true,"_links":{"self":[{"href":"https:\/\/www.psychologie-aktuell.info\/reha\/wp-json\/wp\/v2\/posts\/6507","targetHints":{"allow":["GET"]}}],"collection":[{"href":"https:\/\/www.psychologie-aktuell.info\/reha\/wp-json\/wp\/v2\/posts"}],"about":[{"href":"https:\/\/www.psychologie-aktuell.info\/reha\/wp-json\/wp\/v2\/types\/post"}],"author":[{"embeddable":true,"href":"https:\/\/www.psychologie-aktuell.info\/reha\/wp-json\/wp\/v2\/users\/1"}],"replies":[{"embeddable":true,"href":"https:\/\/www.psychologie-aktuell.info\/reha\/wp-json\/wp\/v2\/comments?post=6507"}],"version-history":[{"count":1,"href":"https:\/\/www.psychologie-aktuell.info\/reha\/wp-json\/wp\/v2\/posts\/6507\/revisions"}],"predecessor-version":[{"id":6533,"href":"https:\/\/www.psychologie-aktuell.info\/reha\/wp-json\/wp\/v2\/posts\/6507\/revisions\/6533"}],"wp:attachment":[{"href":"https:\/\/www.psychologie-aktuell.info\/reha\/wp-json\/wp\/v2\/media?parent=6507"}],"wp:term":[{"taxonomy":"category","embeddable":true,"href":"https:\/\/www.psychologie-aktuell.info\/reha\/wp-json\/wp\/v2\/categories?post=6507"},{"taxonomy":"post_tag","embeddable":true,"href":"https:\/\/www.psychologie-aktuell.info\/reha\/wp-json\/wp\/v2\/tags?post=6507"}],"curies":[{"name":"wp","href":"https:\/\/api.w.org\/{rel}","templated":true}]}}