{"id":6568,"date":"2013-02-18T13:23:09","date_gmt":"2013-02-18T12:23:09","guid":{"rendered":"http:\/\/www.psychologie-aktuell.info\/reha\/?p=6568"},"modified":"2013-02-20T08:51:34","modified_gmt":"2013-02-20T07:51:34","slug":"psyche-vegetarier-haufiger-depressiv","status":"publish","type":"post","link":"https:\/\/www.psychologie-aktuell.info\/reha\/2013\/02\/psyche-vegetarier-haufiger-depressiv\/","title":{"rendered":"Psyche: Vegetarier h\u00e4ufiger depressiv"},"content":{"rendered":"<blockquote><p>[aartikel]3833804793:right[\/aartikel]Psychisch kranke Menschen werden h\u00e4ufiger zu Vegetariern. Das ist das Ergebnis einer Studie von Forschern der Universit\u00e4t Hildesheim. Grund daf\u00fcr sei nach Angaben der Wissenschaftler ein gesteigertes Gesundheitsbewusstsein und der Wunsch nach eigenverantwortlichem Handeln aufgrund einer vorangegangenen Erkrankung.<\/p><\/blockquote>\n<p>Quelle: <a href=\"http:\/\/www.netdoktor.de\/News\/Psyche-Vegetarier-haeufiger-1137519.html\">Psyche: Vegetarier h\u00e4ufiger depressiv &#8211; NetDoktor.de<\/a>.<\/p>\n<p>Mein Kommentar: Ein sch\u00f6nes Beispiel daf\u00fcr, wie der Inhalt eines Berichtes durch die \u00dcberschrift v\u00f6llig falsch wiedergegeben wird.<\/p>\n","protected":false},"excerpt":{"rendered":"<p>[aartikel]3833804793:right[\/aartikel]Psychisch kranke Menschen werden h\u00e4ufiger zu Vegetariern. Das ist das Ergebnis einer Studie von Forschern der Universit\u00e4t Hildesheim. Grund daf\u00fcr sei nach Angaben der Wissenschaftler ein gesteigertes Gesundheitsbewusstsein und der Wunsch nach eigenverantwortlichem Handeln aufgrund einer vorangegangenen Erkrankung. Quelle: Psyche: &hellip; <a href=\"https:\/\/www.psychologie-aktuell.info\/reha\/2013\/02\/psyche-vegetarier-haufiger-depressiv\/\">Weiterlesen <span class=\"meta-nav\">&rarr;<\/span><\/a><\/p>\n","protected":false},"author":1,"featured_media":0,"comment_status":"closed","ping_status":"closed","sticky":false,"template":"","format":"standard","meta":{"_jetpack_memberships_contains_paid_content":false,"footnotes":""},"categories":[801],"tags":[],"class_list":["post-6568","post","type-post","status-publish","format-standard","hentry","category-links-zu-online-news"],"jetpack_featured_media_url":"","jetpack_shortlink":"https:\/\/wp.me\/p1fMVY-1HW","jetpack_sharing_enabled":true,"_links":{"self":[{"href":"https:\/\/www.psychologie-aktuell.info\/reha\/wp-json\/wp\/v2\/posts\/6568","targetHints":{"allow":["GET"]}}],"collection":[{"href":"https:\/\/www.psychologie-aktuell.info\/reha\/wp-json\/wp\/v2\/posts"}],"about":[{"href":"https:\/\/www.psychologie-aktuell.info\/reha\/wp-json\/wp\/v2\/types\/post"}],"author":[{"embeddable":true,"href":"https:\/\/www.psychologie-aktuell.info\/reha\/wp-json\/wp\/v2\/users\/1"}],"replies":[{"embeddable":true,"href":"https:\/\/www.psychologie-aktuell.info\/reha\/wp-json\/wp\/v2\/comments?post=6568"}],"version-history":[{"count":4,"href":"https:\/\/www.psychologie-aktuell.info\/reha\/wp-json\/wp\/v2\/posts\/6568\/revisions"}],"predecessor-version":[{"id":6609,"href":"https:\/\/www.psychologie-aktuell.info\/reha\/wp-json\/wp\/v2\/posts\/6568\/revisions\/6609"}],"wp:attachment":[{"href":"https:\/\/www.psychologie-aktuell.info\/reha\/wp-json\/wp\/v2\/media?parent=6568"}],"wp:term":[{"taxonomy":"category","embeddable":true,"href":"https:\/\/www.psychologie-aktuell.info\/reha\/wp-json\/wp\/v2\/categories?post=6568"},{"taxonomy":"post_tag","embeddable":true,"href":"https:\/\/www.psychologie-aktuell.info\/reha\/wp-json\/wp\/v2\/tags?post=6568"}],"curies":[{"name":"wp","href":"https:\/\/api.w.org\/{rel}","templated":true}]}}