{"id":6623,"date":"2013-03-02T10:49:55","date_gmt":"2013-03-02T09:49:55","guid":{"rendered":"http:\/\/www.psychologie-aktuell.info\/reha\/?p=6623"},"modified":"2013-02-28T21:52:56","modified_gmt":"2013-02-28T20:52:56","slug":"angestelltenbefragung-der-bundespsychotherapeutenkammer-bitte-teilnehmen","status":"publish","type":"post","link":"https:\/\/www.psychologie-aktuell.info\/reha\/2013\/03\/angestelltenbefragung-der-bundespsychotherapeutenkammer-bitte-teilnehmen\/","title":{"rendered":"Angestelltenbefragung der Bundespsychotherapeutenkammer &#8211; bitte teilnehmen!"},"content":{"rendered":"<p>Liebe Kolleginnen und Kollegen,<br \/>\nals angestellte Psychotherapeutin, als angestellter Psychotherapeut haben Sie sicherlich auch eine Mitteilung Ihrer Landespsychotherapeutenkammer erhalten, dass die BPtK gemeinsam mit den Landespsychotherapeutenkammern eine Befragung aller angestellten Psychotherapeuten durchf\u00fchrt.<\/p>\n<p>Mit der Befragung aller Psychotherapeuten in Krankenh\u00e4usern, in der Kinder- und Jugendhilfe, in den Rehabilitationseinrichtungen genauso wie im Strafvollzug oder in anderen T\u00e4tigkeitsfeldern sollen Basisdaten \u00fcber den T\u00e4tigkeitsbereich und die Rahmenbedingungen erhoben werden. Da diese Daten bisher fehlen, k\u00f6nnten sowohl die Landespsychotherapeutenkammern als auch die BPtK k\u00fcnftig ihre politische Arbeit empirisch besser fundieren.<\/p>\n<p>Im station\u00e4ren Bereich soll die Befragung insbesondere dazu dienen, die Empfehlungen des Gemeinsamen Bundesausschusses (G-BA) zur Strukturqualit\u00e4t psychiatrischer und psychosomatischer Einrichtungen ad\u00e4quat mitentwickeln zu k\u00f6nnen.<\/p>\n<p>Die Befragung enth\u00e4lt auch einen Abschnitt, der sich an PiA richtet. Angesichts der h\u00e4ufig prek\u00e4ren Situation der PiA in der praktischen T\u00e4tigkeit ihrer Ausbildung ist es wichtig, dass die Kammern, auch bei diesem Punkt \u00fcber bessere Datengrundlagen verf\u00fcgen.Wenn Sie als PiA an der Befragung teilnehmen m\u00f6chten, dann wenden Sie sich bitte an Ihre Landespsychotherapeutenkammer. Von dort erhalten Sie den Link zur Befragung und einen Zugangscode, der die Teilnahme erm\u00f6glicht.<\/p>\n<p>Die Aussagekraft der Daten h\u00e4ngt nat\u00fcrlich von einer hohen Teilnahme an der Befragung ab. Nur wenn die R\u00fccklaufquote f\u00fcr alle T\u00e4tigkeitsfelder angemessen hoch ausf\u00e4llt, kann k\u00fcnftig auf der Basis repr\u00e4sentativer Daten gute politische Arbeit f\u00fcr die Profession geleistet werden.<\/p>\n<p><strong>Eine Teilnahme ist noch bis 18.03.2013 m\u00f6glich!<\/strong><\/p>\n<p>Bitte nehmen Sie sich also ein paar Minuten Zeit und nehmen Sie an der Befragung teil. Die Zugangsdaten sind im Informationsschreiben der Landespsychotherapeutenkammer enthalten.<\/p>\n","protected":false},"excerpt":{"rendered":"<p>Liebe Kolleginnen und Kollegen, als angestellte Psychotherapeutin, als angestellter Psychotherapeut haben Sie sicherlich auch eine Mitteilung Ihrer Landespsychotherapeutenkammer erhalten, dass die BPtK gemeinsam mit den Landespsychotherapeutenkammern eine Befragung aller angestellten Psychotherapeuten durchf\u00fchrt. Mit der Befragung aller Psychotherapeuten in Krankenh\u00e4usern, in &hellip; <a href=\"https:\/\/www.psychologie-aktuell.info\/reha\/2013\/03\/angestelltenbefragung-der-bundespsychotherapeutenkammer-bitte-teilnehmen\/\">Weiterlesen <span class=\"meta-nav\">&rarr;<\/span><\/a><\/p>\n","protected":false},"author":1,"featured_media":0,"comment_status":"closed","ping_status":"closed","sticky":false,"template":"","format":"standard","meta":{"_jetpack_memberships_contains_paid_content":false,"footnotes":""},"categories":[21],"tags":[],"class_list":["post-6623","post","type-post","status-publish","format-standard","hentry","category-zeitschriftenartikel"],"jetpack_featured_media_url":"","jetpack_shortlink":"https:\/\/wp.me\/p1fMVY-1IP","jetpack_sharing_enabled":true,"_links":{"self":[{"href":"https:\/\/www.psychologie-aktuell.info\/reha\/wp-json\/wp\/v2\/posts\/6623","targetHints":{"allow":["GET"]}}],"collection":[{"href":"https:\/\/www.psychologie-aktuell.info\/reha\/wp-json\/wp\/v2\/posts"}],"about":[{"href":"https:\/\/www.psychologie-aktuell.info\/reha\/wp-json\/wp\/v2\/types\/post"}],"author":[{"embeddable":true,"href":"https:\/\/www.psychologie-aktuell.info\/reha\/wp-json\/wp\/v2\/users\/1"}],"replies":[{"embeddable":true,"href":"https:\/\/www.psychologie-aktuell.info\/reha\/wp-json\/wp\/v2\/comments?post=6623"}],"version-history":[{"count":3,"href":"https:\/\/www.psychologie-aktuell.info\/reha\/wp-json\/wp\/v2\/posts\/6623\/revisions"}],"predecessor-version":[{"id":6629,"href":"https:\/\/www.psychologie-aktuell.info\/reha\/wp-json\/wp\/v2\/posts\/6623\/revisions\/6629"}],"wp:attachment":[{"href":"https:\/\/www.psychologie-aktuell.info\/reha\/wp-json\/wp\/v2\/media?parent=6623"}],"wp:term":[{"taxonomy":"category","embeddable":true,"href":"https:\/\/www.psychologie-aktuell.info\/reha\/wp-json\/wp\/v2\/categories?post=6623"},{"taxonomy":"post_tag","embeddable":true,"href":"https:\/\/www.psychologie-aktuell.info\/reha\/wp-json\/wp\/v2\/tags?post=6623"}],"curies":[{"name":"wp","href":"https:\/\/api.w.org\/{rel}","templated":true}]}}