{"id":6684,"date":"2013-03-02T13:13:31","date_gmt":"2013-03-02T12:13:31","guid":{"rendered":"http:\/\/www.psychologie-aktuell.info\/reha\/?p=6684"},"modified":"2013-03-02T12:24:49","modified_gmt":"2013-03-02T11:24:49","slug":"leistungsschutzrecht-im-bundestag-verabschiedet","status":"publish","type":"post","link":"https:\/\/www.psychologie-aktuell.info\/reha\/2013\/03\/leistungsschutzrecht-im-bundestag-verabschiedet\/","title":{"rendered":"Leistungsschutzrecht im Bundestag verabschiedet"},"content":{"rendered":"<p>Diese und \u00e4hnliche Meldungen in den Medien haben mich aufhorchen lassen.<\/p>\n<p>Mit dem Gesetz sollen Leistungen von Presseverlagen im Internet k\u00fcnftig durch das Urheberrecht gesch\u00fctzt werden. Das Zitieren von Pressemelungen und Verlagsartikeln sollte nur noch nach einer Zahlung von Lizenzgeb\u00fchren m\u00f6glich sein?<\/p>\n<p>Das w\u00e4re das Aus von Psychologie-Aktuell.info, da diese Seite ja haupts\u00e4chlich davon lebt, auf Pressemeldungen, Artikel oder andere Nachrichten hinzuweisen, die f\u00fcr einen bestimmten Leserkreis interessant sind. <!--more--><\/p>\n<p>Aber nachdem ich mich intensiver mit dem Thema befasst habe, scheint das Gesetz die kleinen Blogger nicht zu betreffen. Es richtet sich wohl haupts\u00e4chlich gegen die automatische Auswahl durch Suchmaschinen (Google, Bing, etc.) und die individuelle Auswahl von Artikeln und News scheint davon nicht betroffen zu sein. Also vorl\u00e4ufig Entwarnung und Psychologe-Aktuell.info wird es erstmal weiter geben :-). Im \u00dcbrigen ist es derzeit noch unklar, ob das Gesetz in der jetzigen Form die Zustimmung des Bundesrates findet.<\/p>\n<p>Wer sich intensiver mit dem Thema besch\u00e4ftigen m\u00f6chte, hier einige Links &#8211; die sind auf jeden Fall auch weiterhin lizenzfrei \ud83d\ude09<\/p>\n<ul>\n<li><a href=\"http:\/\/www.taz.de\/Leistungsschutzrecht-im-Bundestag\/!112000\/\">taz.de<\/a><\/li>\n<li><a href=\"http:\/\/www.robertbasic.de\/\">Robert Basic &amp; Blog<\/a><\/li>\n<li><a href=\"http:\/\/www.netzwelt.de\/news\/95315-leistungsschutzrecht-bundestag-verabschiedet-umstrittenes-gesetz.html\">netzwelt.de<\/a><\/li>\n<li><a href=\"http:\/\/www.spiegel.de\/netzwelt\/netzpolitik\/leistungsschutzrecht-sieben-fakten-zum-google-gesetz-a-886063.html\">spiegel.de<\/a><\/li>\n<li><a href=\"http:\/\/www.piratenpartei.de\/2013\/03\/01\/leistungsschutzrecht-katastrophe-fur-verleger-und-internetnutzer-passiert-bundestag\/\">piratenpartei.de<\/a><\/li>\n<\/ul>\n<p>&nbsp;<\/p>\n<p>&nbsp;<\/p>\n","protected":false},"excerpt":{"rendered":"<p>Diese und \u00e4hnliche Meldungen in den Medien haben mich aufhorchen lassen. Mit dem Gesetz sollen Leistungen von Presseverlagen im Internet k\u00fcnftig durch das Urheberrecht gesch\u00fctzt werden. Das Zitieren von Pressemelungen und Verlagsartikeln sollte nur noch nach einer Zahlung von Lizenzgeb\u00fchren &hellip; <a href=\"https:\/\/www.psychologie-aktuell.info\/reha\/2013\/03\/leistungsschutzrecht-im-bundestag-verabschiedet\/\">Weiterlesen <span class=\"meta-nav\">&rarr;<\/span><\/a><\/p>\n","protected":false},"author":1,"featured_media":0,"comment_status":"closed","ping_status":"closed","sticky":false,"template":"","format":"standard","meta":{"_jetpack_memberships_contains_paid_content":false,"footnotes":""},"categories":[22,50,801],"tags":[139,175,153],"class_list":["post-6684","post","type-post","status-publish","format-standard","hentry","category-allgemein","category-computer-internet","category-links-zu-online-news","tag-internet","tag-medien","tag-recht"],"jetpack_featured_media_url":"","jetpack_shortlink":"https:\/\/wp.me\/p1fMVY-1JO","jetpack_sharing_enabled":true,"_links":{"self":[{"href":"https:\/\/www.psychologie-aktuell.info\/reha\/wp-json\/wp\/v2\/posts\/6684","targetHints":{"allow":["GET"]}}],"collection":[{"href":"https:\/\/www.psychologie-aktuell.info\/reha\/wp-json\/wp\/v2\/posts"}],"about":[{"href":"https:\/\/www.psychologie-aktuell.info\/reha\/wp-json\/wp\/v2\/types\/post"}],"author":[{"embeddable":true,"href":"https:\/\/www.psychologie-aktuell.info\/reha\/wp-json\/wp\/v2\/users\/1"}],"replies":[{"embeddable":true,"href":"https:\/\/www.psychologie-aktuell.info\/reha\/wp-json\/wp\/v2\/comments?post=6684"}],"version-history":[{"count":3,"href":"https:\/\/www.psychologie-aktuell.info\/reha\/wp-json\/wp\/v2\/posts\/6684\/revisions"}],"predecessor-version":[{"id":6695,"href":"https:\/\/www.psychologie-aktuell.info\/reha\/wp-json\/wp\/v2\/posts\/6684\/revisions\/6695"}],"wp:attachment":[{"href":"https:\/\/www.psychologie-aktuell.info\/reha\/wp-json\/wp\/v2\/media?parent=6684"}],"wp:term":[{"taxonomy":"category","embeddable":true,"href":"https:\/\/www.psychologie-aktuell.info\/reha\/wp-json\/wp\/v2\/categories?post=6684"},{"taxonomy":"post_tag","embeddable":true,"href":"https:\/\/www.psychologie-aktuell.info\/reha\/wp-json\/wp\/v2\/tags?post=6684"}],"curies":[{"name":"wp","href":"https:\/\/api.w.org\/{rel}","templated":true}]}}