{"id":6730,"date":"2013-04-08T07:14:45","date_gmt":"2013-04-08T06:14:45","guid":{"rendered":"http:\/\/www.psychologie-aktuell.info\/reha\/?p=6730"},"modified":"2013-03-27T08:10:13","modified_gmt":"2013-03-27T07:10:13","slug":"integratives-forschungsinstitut-fur-lebenswissenschaften-in-berlin-gegrundet","status":"publish","type":"post","link":"https:\/\/www.psychologie-aktuell.info\/reha\/2013\/04\/integratives-forschungsinstitut-fur-lebenswissenschaften-in-berlin-gegrundet\/","title":{"rendered":"Integratives Forschungsinstitut f\u00fcr Lebenswissenschaften in Berlin gegr\u00fcndet"},"content":{"rendered":"<blockquote><p>Dort sollen Wissenschaftler unterschiedlicher Fachrichtungen Hand in Hand forschen, um den Fokus f\u00fcr Pr\u00e4vention, Diagnostik und Therapie im klinischen Alltag zu st\u00e4rken.<\/p><\/blockquote>\n<p>Quelle: <a href=\"http:\/\/www.aerzteblatt.de\/nachrichten\/53731\/Integratives-Forschungsinstitut-fuer-Lebenswissenschaften-in-Berlin-gegruendet\">Deutsches \u00c4rzteblatt: Integratives Forschungsinstitut f\u00fcr Lebenswissenschaften in Berlin gegr\u00fcndet<\/a>.<\/p>\n","protected":false},"excerpt":{"rendered":"<p>Dort sollen Wissenschaftler unterschiedlicher Fachrichtungen Hand in Hand forschen, um den Fokus f\u00fcr Pr\u00e4vention, Diagnostik und Therapie im klinischen Alltag zu st\u00e4rken. Quelle: Deutsches \u00c4rzteblatt: Integratives Forschungsinstitut f\u00fcr Lebenswissenschaften in Berlin gegr\u00fcndet.<\/p>\n","protected":false},"author":1,"featured_media":0,"comment_status":"closed","ping_status":"closed","sticky":false,"template":"","format":"standard","meta":{"_jetpack_memberships_contains_paid_content":false,"footnotes":""},"categories":[21],"tags":[],"class_list":["post-6730","post","type-post","status-publish","format-standard","hentry","category-zeitschriftenartikel"],"jetpack_featured_media_url":"","jetpack_shortlink":"https:\/\/wp.me\/p1fMVY-1Ky","jetpack_sharing_enabled":true,"_links":{"self":[{"href":"https:\/\/www.psychologie-aktuell.info\/reha\/wp-json\/wp\/v2\/posts\/6730","targetHints":{"allow":["GET"]}}],"collection":[{"href":"https:\/\/www.psychologie-aktuell.info\/reha\/wp-json\/wp\/v2\/posts"}],"about":[{"href":"https:\/\/www.psychologie-aktuell.info\/reha\/wp-json\/wp\/v2\/types\/post"}],"author":[{"embeddable":true,"href":"https:\/\/www.psychologie-aktuell.info\/reha\/wp-json\/wp\/v2\/users\/1"}],"replies":[{"embeddable":true,"href":"https:\/\/www.psychologie-aktuell.info\/reha\/wp-json\/wp\/v2\/comments?post=6730"}],"version-history":[{"count":3,"href":"https:\/\/www.psychologie-aktuell.info\/reha\/wp-json\/wp\/v2\/posts\/6730\/revisions"}],"predecessor-version":[{"id":6849,"href":"https:\/\/www.psychologie-aktuell.info\/reha\/wp-json\/wp\/v2\/posts\/6730\/revisions\/6849"}],"wp:attachment":[{"href":"https:\/\/www.psychologie-aktuell.info\/reha\/wp-json\/wp\/v2\/media?parent=6730"}],"wp:term":[{"taxonomy":"category","embeddable":true,"href":"https:\/\/www.psychologie-aktuell.info\/reha\/wp-json\/wp\/v2\/categories?post=6730"},{"taxonomy":"post_tag","embeddable":true,"href":"https:\/\/www.psychologie-aktuell.info\/reha\/wp-json\/wp\/v2\/tags?post=6730"}],"curies":[{"name":"wp","href":"https:\/\/api.w.org\/{rel}","templated":true}]}}