{"id":6874,"date":"2013-04-17T07:01:35","date_gmt":"2013-04-17T06:01:35","guid":{"rendered":"http:\/\/www.psychologie-aktuell.info\/reha\/?p=6874"},"modified":"2013-04-13T14:02:42","modified_gmt":"2013-04-13T13:02:42","slug":"was-hat-stress-mit-dem-darm-zu-tun","status":"publish","type":"post","link":"https:\/\/www.psychologie-aktuell.info\/reha\/2013\/04\/was-hat-stress-mit-dem-darm-zu-tun\/","title":{"rendered":"Was hat Stress mit dem Darm zu tun?"},"content":{"rendered":"<blockquote><p>Die gastroduodenale Ulkuskrankheit, die u. a. stressbedingt auftreten kann, wird insbesondere bei M\u00e4nnern h\u00e4ufig diagnostiziert.<\/p><\/blockquote>\n<p>via <a href=\"https:\/\/www.thieme-connect.de\/DOI\/DOI?10.1055\/s-0032-1331084\">Thieme E-Journals &#8211; Ern\u00e4hrung &amp; Medizin \/ Abstract<\/a>.<\/p>\n","protected":false},"excerpt":{"rendered":"<p>Die gastroduodenale Ulkuskrankheit, die u. a. stressbedingt auftreten kann, wird insbesondere bei M\u00e4nnern h\u00e4ufig diagnostiziert. via Thieme E-Journals &#8211; Ern\u00e4hrung &amp; Medizin \/ Abstract.<\/p>\n","protected":false},"author":1,"featured_media":0,"comment_status":"closed","ping_status":"closed","sticky":false,"template":"","format":"standard","meta":{"_jetpack_memberships_contains_paid_content":false,"footnotes":""},"categories":[21],"tags":[],"class_list":["post-6874","post","type-post","status-publish","format-standard","hentry","category-zeitschriftenartikel"],"jetpack_featured_media_url":"","jetpack_shortlink":"https:\/\/wp.me\/p1fMVY-1MS","jetpack_sharing_enabled":true,"_links":{"self":[{"href":"https:\/\/www.psychologie-aktuell.info\/reha\/wp-json\/wp\/v2\/posts\/6874","targetHints":{"allow":["GET"]}}],"collection":[{"href":"https:\/\/www.psychologie-aktuell.info\/reha\/wp-json\/wp\/v2\/posts"}],"about":[{"href":"https:\/\/www.psychologie-aktuell.info\/reha\/wp-json\/wp\/v2\/types\/post"}],"author":[{"embeddable":true,"href":"https:\/\/www.psychologie-aktuell.info\/reha\/wp-json\/wp\/v2\/users\/1"}],"replies":[{"embeddable":true,"href":"https:\/\/www.psychologie-aktuell.info\/reha\/wp-json\/wp\/v2\/comments?post=6874"}],"version-history":[{"count":1,"href":"https:\/\/www.psychologie-aktuell.info\/reha\/wp-json\/wp\/v2\/posts\/6874\/revisions"}],"predecessor-version":[{"id":6913,"href":"https:\/\/www.psychologie-aktuell.info\/reha\/wp-json\/wp\/v2\/posts\/6874\/revisions\/6913"}],"wp:attachment":[{"href":"https:\/\/www.psychologie-aktuell.info\/reha\/wp-json\/wp\/v2\/media?parent=6874"}],"wp:term":[{"taxonomy":"category","embeddable":true,"href":"https:\/\/www.psychologie-aktuell.info\/reha\/wp-json\/wp\/v2\/categories?post=6874"},{"taxonomy":"post_tag","embeddable":true,"href":"https:\/\/www.psychologie-aktuell.info\/reha\/wp-json\/wp\/v2\/tags?post=6874"}],"curies":[{"name":"wp","href":"https:\/\/api.w.org\/{rel}","templated":true}]}}