{"id":6878,"date":"2013-04-20T07:03:42","date_gmt":"2013-04-20T06:03:42","guid":{"rendered":"http:\/\/www.psychologie-aktuell.info\/reha\/?p=6878"},"modified":"2013-04-13T14:07:19","modified_gmt":"2013-04-13T13:07:19","slug":"qualifikationskonzept-fur-eine-abgestufte-delegation-medizinischer-tatigkeiten-an-nichtarztliche-berufsgruppen","status":"publish","type":"post","link":"https:\/\/www.psychologie-aktuell.info\/reha\/2013\/04\/qualifikationskonzept-fur-eine-abgestufte-delegation-medizinischer-tatigkeiten-an-nichtarztliche-berufsgruppen\/","title":{"rendered":"Qualifikationskonzept f\u00fcr eine abgestufte Delegation medizinischer T\u00e4tigkeiten an nicht\u00e4rztliche Berufsgruppen"},"content":{"rendered":"<blockquote><p>Die Folgen der Demografie auf den medizinischen, pflegerischen und sozialen Versorgungsbedarf der Bev\u00f6lkerung erfordern strukturelle Ver\u00e4nderungen im deutschen Gesundheitswesen.<\/p><\/blockquote>\n<p>via <a href=\"http:\/\/link.springer.com\/article\/10.1007%2Fs00103-012-1629-6\">Qualifikationskonzept f\u00fcr eine abgestufte Delegation medizinischer T\u00e4tigkeiten an nicht\u00e4rztliche Berufsgruppen &#8211; Springer<\/a>.<\/p>\n","protected":false},"excerpt":{"rendered":"<p>Die Folgen der Demografie auf den medizinischen, pflegerischen und sozialen Versorgungsbedarf der Bev\u00f6lkerung erfordern strukturelle Ver\u00e4nderungen im deutschen Gesundheitswesen. via Qualifikationskonzept f\u00fcr eine abgestufte Delegation medizinischer T\u00e4tigkeiten an nicht\u00e4rztliche Berufsgruppen &#8211; Springer.<\/p>\n","protected":false},"author":1,"featured_media":0,"comment_status":"closed","ping_status":"closed","sticky":false,"template":"","format":"standard","meta":{"_jetpack_memberships_contains_paid_content":false,"footnotes":""},"categories":[21],"tags":[],"class_list":["post-6878","post","type-post","status-publish","format-standard","hentry","category-zeitschriftenartikel"],"jetpack_featured_media_url":"","jetpack_shortlink":"https:\/\/wp.me\/p1fMVY-1MW","jetpack_sharing_enabled":true,"_links":{"self":[{"href":"https:\/\/www.psychologie-aktuell.info\/reha\/wp-json\/wp\/v2\/posts\/6878","targetHints":{"allow":["GET"]}}],"collection":[{"href":"https:\/\/www.psychologie-aktuell.info\/reha\/wp-json\/wp\/v2\/posts"}],"about":[{"href":"https:\/\/www.psychologie-aktuell.info\/reha\/wp-json\/wp\/v2\/types\/post"}],"author":[{"embeddable":true,"href":"https:\/\/www.psychologie-aktuell.info\/reha\/wp-json\/wp\/v2\/users\/1"}],"replies":[{"embeddable":true,"href":"https:\/\/www.psychologie-aktuell.info\/reha\/wp-json\/wp\/v2\/comments?post=6878"}],"version-history":[{"count":1,"href":"https:\/\/www.psychologie-aktuell.info\/reha\/wp-json\/wp\/v2\/posts\/6878\/revisions"}],"predecessor-version":[{"id":6917,"href":"https:\/\/www.psychologie-aktuell.info\/reha\/wp-json\/wp\/v2\/posts\/6878\/revisions\/6917"}],"wp:attachment":[{"href":"https:\/\/www.psychologie-aktuell.info\/reha\/wp-json\/wp\/v2\/media?parent=6878"}],"wp:term":[{"taxonomy":"category","embeddable":true,"href":"https:\/\/www.psychologie-aktuell.info\/reha\/wp-json\/wp\/v2\/categories?post=6878"},{"taxonomy":"post_tag","embeddable":true,"href":"https:\/\/www.psychologie-aktuell.info\/reha\/wp-json\/wp\/v2\/tags?post=6878"}],"curies":[{"name":"wp","href":"https:\/\/api.w.org\/{rel}","templated":true}]}}