{"id":6879,"date":"2013-04-16T06:59:54","date_gmt":"2013-04-16T05:59:54","guid":{"rendered":"http:\/\/www.psychologie-aktuell.info\/reha\/?p=6879"},"modified":"2013-04-13T14:01:15","modified_gmt":"2013-04-13T13:01:15","slug":"neuer-versorgungsvertrag-fur-depressions-und-burn-out-patienten-aok-niedersachsen","status":"publish","type":"post","link":"https:\/\/www.psychologie-aktuell.info\/reha\/2013\/04\/neuer-versorgungsvertrag-fur-depressions-und-burn-out-patienten-aok-niedersachsen\/","title":{"rendered":"Neuer Versorgungsvertrag f\u00fcr Depressions- und Burn-Out-Patienten &#8211; AOK Niedersachsen"},"content":{"rendered":"<blockquote><p>Bei der Versorgung von Depressions- und Burn-Out-Patienten sollen nieder\u00adgelassene Haus\u00e4rzte, niedergelassene Fach\u00e4rzte und Psychotherapeuten enger zusammenarbeiten.<\/p><\/blockquote>\n<p>via <a href=\"http:\/\/www.aerzteblatt.de\/nachrichten\/53973\/Neuer-Versorgungsvertrag-fuer-Depressions-und-Burn-Out-Patienten\">Deutsches \u00c4rzteblatt: Neuer Versorgungsvertrag f\u00fcr Depressions- und Burn-Out-Patienten<\/a>.<\/p>\n","protected":false},"excerpt":{"rendered":"<p>Bei der Versorgung von Depressions- und Burn-Out-Patienten sollen nieder\u00adgelassene Haus\u00e4rzte, niedergelassene Fach\u00e4rzte und Psychotherapeuten enger zusammenarbeiten. via Deutsches \u00c4rzteblatt: Neuer Versorgungsvertrag f\u00fcr Depressions- und Burn-Out-Patienten.<\/p>\n","protected":false},"author":1,"featured_media":0,"comment_status":"closed","ping_status":"closed","sticky":false,"template":"","format":"standard","meta":{"_jetpack_memberships_contains_paid_content":false,"footnotes":""},"categories":[21],"tags":[],"class_list":["post-6879","post","type-post","status-publish","format-standard","hentry","category-zeitschriftenartikel"],"jetpack_featured_media_url":"","jetpack_shortlink":"https:\/\/wp.me\/p1fMVY-1MX","jetpack_sharing_enabled":true,"_links":{"self":[{"href":"https:\/\/www.psychologie-aktuell.info\/reha\/wp-json\/wp\/v2\/posts\/6879","targetHints":{"allow":["GET"]}}],"collection":[{"href":"https:\/\/www.psychologie-aktuell.info\/reha\/wp-json\/wp\/v2\/posts"}],"about":[{"href":"https:\/\/www.psychologie-aktuell.info\/reha\/wp-json\/wp\/v2\/types\/post"}],"author":[{"embeddable":true,"href":"https:\/\/www.psychologie-aktuell.info\/reha\/wp-json\/wp\/v2\/users\/1"}],"replies":[{"embeddable":true,"href":"https:\/\/www.psychologie-aktuell.info\/reha\/wp-json\/wp\/v2\/comments?post=6879"}],"version-history":[{"count":1,"href":"https:\/\/www.psychologie-aktuell.info\/reha\/wp-json\/wp\/v2\/posts\/6879\/revisions"}],"predecessor-version":[{"id":6911,"href":"https:\/\/www.psychologie-aktuell.info\/reha\/wp-json\/wp\/v2\/posts\/6879\/revisions\/6911"}],"wp:attachment":[{"href":"https:\/\/www.psychologie-aktuell.info\/reha\/wp-json\/wp\/v2\/media?parent=6879"}],"wp:term":[{"taxonomy":"category","embeddable":true,"href":"https:\/\/www.psychologie-aktuell.info\/reha\/wp-json\/wp\/v2\/categories?post=6879"},{"taxonomy":"post_tag","embeddable":true,"href":"https:\/\/www.psychologie-aktuell.info\/reha\/wp-json\/wp\/v2\/tags?post=6879"}],"curies":[{"name":"wp","href":"https:\/\/api.w.org\/{rel}","templated":true}]}}