{"id":7045,"date":"2013-08-05T20:44:08","date_gmt":"2013-08-05T18:44:08","guid":{"rendered":"http:\/\/www.psychologie-aktuell.info\/reha\/?p=7045"},"modified":"2013-06-19T20:49:52","modified_gmt":"2013-06-19T18:49:52","slug":"pravalenz-von-depressiver-symptomatik-und-diagnostizierter-depression-bei-erwachsenen-in-deutschland","status":"publish","type":"post","link":"https:\/\/www.psychologie-aktuell.info\/reha\/2013\/08\/pravalenz-von-depressiver-symptomatik-und-diagnostizierter-depression-bei-erwachsenen-in-deutschland\/","title":{"rendered":"Pr\u00e4valenz von depressiver Symptomatik und diagnostizierter Depression bei Erwachsenen in Deutschland"},"content":{"rendered":"<blockquote><p>Die Ergebnisse beschreiben die weite Verbreitung von depressiver Symptomatik und diagnostizierter Depression in der Erwachsenenbev\u00f6lkerung in Deutschland und best\u00e4tigen bekannte Zusammenh\u00e4nge von Depression mit Alter, Geschlecht und sozio\u00f6konomischem Status.<\/p><\/blockquote>\n<p>via <a href=\"http:\/\/link.springer.com\/article\/10.1007%2Fs00103-013-1688-3\">Pr\u00e4valenz von depressiver Symptomatik und diagnostizierter Depression bei Erwachsenen in Deutschland &#8211; Springer<\/a>.<\/p>\n","protected":false},"excerpt":{"rendered":"<p>Die Ergebnisse beschreiben die weite Verbreitung von depressiver Symptomatik und diagnostizierter Depression in der Erwachsenenbev\u00f6lkerung in Deutschland und best\u00e4tigen bekannte Zusammenh\u00e4nge von Depression mit Alter, Geschlecht und sozio\u00f6konomischem Status. via Pr\u00e4valenz von depressiver Symptomatik und diagnostizierter Depression bei Erwachsenen in &hellip; <a href=\"https:\/\/www.psychologie-aktuell.info\/reha\/2013\/08\/pravalenz-von-depressiver-symptomatik-und-diagnostizierter-depression-bei-erwachsenen-in-deutschland\/\">Weiterlesen <span class=\"meta-nav\">&rarr;<\/span><\/a><\/p>\n","protected":false},"author":1,"featured_media":0,"comment_status":"closed","ping_status":"closed","sticky":false,"template":"","format":"standard","meta":{"_jetpack_memberships_contains_paid_content":false,"footnotes":""},"categories":[21],"tags":[],"class_list":["post-7045","post","type-post","status-publish","format-standard","hentry","category-zeitschriftenartikel"],"jetpack_featured_media_url":"","jetpack_shortlink":"https:\/\/wp.me\/p1fMVY-1PD","jetpack_sharing_enabled":true,"_links":{"self":[{"href":"https:\/\/www.psychologie-aktuell.info\/reha\/wp-json\/wp\/v2\/posts\/7045","targetHints":{"allow":["GET"]}}],"collection":[{"href":"https:\/\/www.psychologie-aktuell.info\/reha\/wp-json\/wp\/v2\/posts"}],"about":[{"href":"https:\/\/www.psychologie-aktuell.info\/reha\/wp-json\/wp\/v2\/types\/post"}],"author":[{"embeddable":true,"href":"https:\/\/www.psychologie-aktuell.info\/reha\/wp-json\/wp\/v2\/users\/1"}],"replies":[{"embeddable":true,"href":"https:\/\/www.psychologie-aktuell.info\/reha\/wp-json\/wp\/v2\/comments?post=7045"}],"version-history":[{"count":2,"href":"https:\/\/www.psychologie-aktuell.info\/reha\/wp-json\/wp\/v2\/posts\/7045\/revisions"}],"predecessor-version":[{"id":7199,"href":"https:\/\/www.psychologie-aktuell.info\/reha\/wp-json\/wp\/v2\/posts\/7045\/revisions\/7199"}],"wp:attachment":[{"href":"https:\/\/www.psychologie-aktuell.info\/reha\/wp-json\/wp\/v2\/media?parent=7045"}],"wp:term":[{"taxonomy":"category","embeddable":true,"href":"https:\/\/www.psychologie-aktuell.info\/reha\/wp-json\/wp\/v2\/categories?post=7045"},{"taxonomy":"post_tag","embeddable":true,"href":"https:\/\/www.psychologie-aktuell.info\/reha\/wp-json\/wp\/v2\/tags?post=7045"}],"curies":[{"name":"wp","href":"https:\/\/api.w.org\/{rel}","templated":true}]}}