{"id":7046,"date":"2013-08-04T07:44:06","date_gmt":"2013-08-04T05:44:06","guid":{"rendered":"http:\/\/www.psychologie-aktuell.info\/reha\/?p=7046"},"modified":"2013-06-19T20:49:38","modified_gmt":"2013-06-19T18:49:38","slug":"teilnahme-an-verhaltenspraventiven-masnahmen","status":"publish","type":"post","link":"https:\/\/www.psychologie-aktuell.info\/reha\/2013\/08\/teilnahme-an-verhaltenspraventiven-masnahmen\/","title":{"rendered":"Teilnahme an verhaltenspr\u00e4ventiven Ma\u00dfnahmen"},"content":{"rendered":"<blockquote><p>Angebote zur F\u00f6rderung des Gesundheitsverhaltens zielen unter anderem darauf ab, der Entstehung nicht \u00fcbertragbarer Krankheiten entgegenzuwirken. Welche Bev\u00f6lkerungsgruppen nutzen diese Ma\u00dfnahmen?<\/p><\/blockquote>\n<p>via <a href=\"http:\/\/link.springer.com\/article\/10.1007%2Fs00103-013-1664-y\">Teilnahme an verhaltenspr\u00e4ventiven Ma\u00dfnahmen &#8211; Springer<\/a>.<\/p>\n","protected":false},"excerpt":{"rendered":"<p>Angebote zur F\u00f6rderung des Gesundheitsverhaltens zielen unter anderem darauf ab, der Entstehung nicht \u00fcbertragbarer Krankheiten entgegenzuwirken. Welche Bev\u00f6lkerungsgruppen nutzen diese Ma\u00dfnahmen? via Teilnahme an verhaltenspr\u00e4ventiven Ma\u00dfnahmen &#8211; Springer.<\/p>\n","protected":false},"author":1,"featured_media":0,"comment_status":"closed","ping_status":"closed","sticky":false,"template":"","format":"standard","meta":{"_jetpack_memberships_contains_paid_content":false,"footnotes":""},"categories":[21],"tags":[],"class_list":["post-7046","post","type-post","status-publish","format-standard","hentry","category-zeitschriftenartikel"],"jetpack_featured_media_url":"","jetpack_shortlink":"https:\/\/wp.me\/p1fMVY-1PE","jetpack_sharing_enabled":true,"_links":{"self":[{"href":"https:\/\/www.psychologie-aktuell.info\/reha\/wp-json\/wp\/v2\/posts\/7046","targetHints":{"allow":["GET"]}}],"collection":[{"href":"https:\/\/www.psychologie-aktuell.info\/reha\/wp-json\/wp\/v2\/posts"}],"about":[{"href":"https:\/\/www.psychologie-aktuell.info\/reha\/wp-json\/wp\/v2\/types\/post"}],"author":[{"embeddable":true,"href":"https:\/\/www.psychologie-aktuell.info\/reha\/wp-json\/wp\/v2\/users\/1"}],"replies":[{"embeddable":true,"href":"https:\/\/www.psychologie-aktuell.info\/reha\/wp-json\/wp\/v2\/comments?post=7046"}],"version-history":[{"count":2,"href":"https:\/\/www.psychologie-aktuell.info\/reha\/wp-json\/wp\/v2\/posts\/7046\/revisions"}],"predecessor-version":[{"id":7197,"href":"https:\/\/www.psychologie-aktuell.info\/reha\/wp-json\/wp\/v2\/posts\/7046\/revisions\/7197"}],"wp:attachment":[{"href":"https:\/\/www.psychologie-aktuell.info\/reha\/wp-json\/wp\/v2\/media?parent=7046"}],"wp:term":[{"taxonomy":"category","embeddable":true,"href":"https:\/\/www.psychologie-aktuell.info\/reha\/wp-json\/wp\/v2\/categories?post=7046"},{"taxonomy":"post_tag","embeddable":true,"href":"https:\/\/www.psychologie-aktuell.info\/reha\/wp-json\/wp\/v2\/tags?post=7046"}],"curies":[{"name":"wp","href":"https:\/\/api.w.org\/{rel}","templated":true}]}}