{"id":7505,"date":"2014-03-04T06:40:15","date_gmt":"2014-03-04T05:40:15","guid":{"rendered":"http:\/\/www.psychologie-aktuell.info\/reha\/?p=7505"},"modified":"2014-01-19T20:14:04","modified_gmt":"2014-01-19T19:14:04","slug":"mythos-krebsrisiko-kann-die-psyche-das-immunsystem-beeinflussen-und-damit-das-krebsrisiko-erhoehen","status":"publish","type":"post","link":"https:\/\/www.psychologie-aktuell.info\/reha\/2014\/03\/mythos-krebsrisiko-kann-die-psyche-das-immunsystem-beeinflussen-und-damit-das-krebsrisiko-erhoehen\/","title":{"rendered":"Mythos Krebsrisiko &#8211; Kann die Psyche das Immunsystem beeinflussen und damit das Krebsrisiko erh\u00f6hen?"},"content":{"rendered":"<blockquote>\n<p>Ein m\u00f6glicher Zusammenhang zwischen Depression und Krebs wird bis heute kontrovers diskutiert. Eine prospektive Studie untersuchte nun klinische Daten und Berichte von 14.203 Patienten zu deren k\u00f6rperlicher und geistiger Gesundheit \u00fcber 15 Jahre zu mehreren Zeitpunkten. Resultat: Es lie\u00dfen sich keinerlei Assoziationen zwischen depressiven Symptomen und der Entwicklung eines Malignoms erkennen.<\/p>\n<\/blockquote>\n<p>Quelle: <a href=\"http:\/\/www.springermedizin.at\/fachbereiche-a-z\/i-o\/innere-medizin\/onkologie\/?full=37675\">Mythos Krebsrisiko &#8211; Springer Professional Media, Bereich Medizin<\/a><\/p>\n","protected":false},"excerpt":{"rendered":"<p>Ein m\u00f6glicher Zusammenhang zwischen Depression und Krebs wird bis heute kontrovers diskutiert. Eine prospektive Studie untersuchte nun klinische Daten und Berichte von 14.203 Patienten zu deren k\u00f6rperlicher und geistiger Gesundheit \u00fcber 15 Jahre zu mehreren Zeitpunkten. Resultat: Es lie\u00dfen sich &hellip; <a href=\"https:\/\/www.psychologie-aktuell.info\/reha\/2014\/03\/mythos-krebsrisiko-kann-die-psyche-das-immunsystem-beeinflussen-und-damit-das-krebsrisiko-erhoehen\/\">Weiterlesen <span class=\"meta-nav\">&rarr;<\/span><\/a><\/p>\n","protected":false},"author":1,"featured_media":0,"comment_status":"closed","ping_status":"closed","sticky":false,"template":"","format":"standard","meta":{"_jetpack_memberships_contains_paid_content":false,"footnotes":""},"categories":[21],"tags":[],"class_list":["post-7505","post","type-post","status-publish","format-standard","hentry","category-zeitschriftenartikel"],"jetpack_featured_media_url":"","jetpack_shortlink":"https:\/\/wp.me\/p1fMVY-1X3","jetpack_sharing_enabled":true,"_links":{"self":[{"href":"https:\/\/www.psychologie-aktuell.info\/reha\/wp-json\/wp\/v2\/posts\/7505","targetHints":{"allow":["GET"]}}],"collection":[{"href":"https:\/\/www.psychologie-aktuell.info\/reha\/wp-json\/wp\/v2\/posts"}],"about":[{"href":"https:\/\/www.psychologie-aktuell.info\/reha\/wp-json\/wp\/v2\/types\/post"}],"author":[{"embeddable":true,"href":"https:\/\/www.psychologie-aktuell.info\/reha\/wp-json\/wp\/v2\/users\/1"}],"replies":[{"embeddable":true,"href":"https:\/\/www.psychologie-aktuell.info\/reha\/wp-json\/wp\/v2\/comments?post=7505"}],"version-history":[{"count":1,"href":"https:\/\/www.psychologie-aktuell.info\/reha\/wp-json\/wp\/v2\/posts\/7505\/revisions"}],"predecessor-version":[{"id":7506,"href":"https:\/\/www.psychologie-aktuell.info\/reha\/wp-json\/wp\/v2\/posts\/7505\/revisions\/7506"}],"wp:attachment":[{"href":"https:\/\/www.psychologie-aktuell.info\/reha\/wp-json\/wp\/v2\/media?parent=7505"}],"wp:term":[{"taxonomy":"category","embeddable":true,"href":"https:\/\/www.psychologie-aktuell.info\/reha\/wp-json\/wp\/v2\/categories?post=7505"},{"taxonomy":"post_tag","embeddable":true,"href":"https:\/\/www.psychologie-aktuell.info\/reha\/wp-json\/wp\/v2\/tags?post=7505"}],"curies":[{"name":"wp","href":"https:\/\/api.w.org\/{rel}","templated":true}]}}