{"id":7658,"date":"2014-03-03T07:15:40","date_gmt":"2014-03-03T06:15:40","guid":{"rendered":"http:\/\/www.psychologie-aktuell.info\/reha\/?p=7658"},"modified":"2014-01-19T20:13:57","modified_gmt":"2014-01-19T19:13:57","slug":"diagnose-und-behandlung-von-sekundaeren-armlymphoedemen-nach-mammakarzinombehandlung-eine-gesundheitsoekonomische-evaluation-aus-der-perspektive-der-privaten-krankenversicherung","status":"publish","type":"post","link":"https:\/\/www.psychologie-aktuell.info\/reha\/2014\/03\/diagnose-und-behandlung-von-sekundaeren-armlymphoedemen-nach-mammakarzinombehandlung-eine-gesundheitsoekonomische-evaluation-aus-der-perspektive-der-privaten-krankenversicherung\/","title":{"rendered":"Diagnose und Behandlung von sekund\u00e4ren Armlymph\u00f6demen nach Mammakarzinombehandlung \u2013 eine gesundheits\u00f6konomische Evaluation aus der Perspektive der Privaten Krankenversicherung"},"content":{"rendered":"<blockquote>\n<p>Sekund\u00e4re Armlymph\u00f6deme nach Mammakarzinom-OP treten bei ca. 10\u200a\u2013\u200a20\u200a% aller Patientinnen auf. Bei Nichtbehandlung besteht die Gefahr einer Chronofizierung. Als problematisch stellt sich heraus, dass sekund\u00e4re Armlymph\u00f6deme h\u00e4ufig \u00fcbersehen, falsch oder zu sp\u00e4t diagnostiziert werden und damit eine optimal Therapie nicht mehr m\u00f6glich ist. Neue Diagnoseinstrumente wie L-Dex 400, welche die sog. Bioimpedanzspektroskopie nutzen, erm\u00f6glichen gegen\u00fcber dem Standardverfahren eine deutlich fr\u00fchere Diagnose einhergehend mit einer h\u00f6heren Sensitivit\u00e4t und Spezifit\u00e4t. Mit der Behandlung von chronischen Lymph\u00f6demen sind dabei umfangreiche Kosten verbunden, die durch eine fr\u00fche Diagnostik gesenkt werden k\u00f6nnten. Die Kosten der neuen BIS-Diagnoseverfahren liegen hingegen deutlich \u00fcber den Ausgaben f\u00fcr bisherige Diagnoseverfahren. Die Zielsetzung dieser Arbeit ist es daher, den Budget-Impact durch die Nutzung von L-Dex 400 gegen\u00fcber der Standarddiagnostik zu analysieren.<\/p>\n<\/blockquote>\n<p>Quelle: <a href=\"https:\/\/www.thieme-connect.de\/DOI\/DOI?10.1055\/s-0033-1335448\">Thieme E-Journals &#8211; Gesundheits\u00f6konomie &amp; Qualit\u00e4tsmanagement \/ Abstract<\/a><\/p>\n","protected":false},"excerpt":{"rendered":"<p>Sekund\u00e4re Armlymph\u00f6deme nach Mammakarzinom-OP treten bei ca. 10\u200a\u2013\u200a20\u200a% aller Patientinnen auf. Bei Nichtbehandlung besteht die Gefahr einer Chronofizierung. Als problematisch stellt sich heraus, dass sekund\u00e4re Armlymph\u00f6deme h\u00e4ufig \u00fcbersehen, falsch oder zu sp\u00e4t diagnostiziert werden und damit eine optimal Therapie nicht &hellip; <a href=\"https:\/\/www.psychologie-aktuell.info\/reha\/2014\/03\/diagnose-und-behandlung-von-sekundaeren-armlymphoedemen-nach-mammakarzinombehandlung-eine-gesundheitsoekonomische-evaluation-aus-der-perspektive-der-privaten-krankenversicherung\/\">Weiterlesen <span class=\"meta-nav\">&rarr;<\/span><\/a><\/p>\n","protected":false},"author":1,"featured_media":0,"comment_status":"closed","ping_status":"closed","sticky":false,"template":"","format":"standard","meta":{"_jetpack_memberships_contains_paid_content":false,"footnotes":""},"categories":[21],"tags":[],"class_list":["post-7658","post","type-post","status-publish","format-standard","hentry","category-zeitschriftenartikel"],"jetpack_featured_media_url":"","jetpack_shortlink":"https:\/\/wp.me\/p1fMVY-1Zw","jetpack_sharing_enabled":true,"_links":{"self":[{"href":"https:\/\/www.psychologie-aktuell.info\/reha\/wp-json\/wp\/v2\/posts\/7658","targetHints":{"allow":["GET"]}}],"collection":[{"href":"https:\/\/www.psychologie-aktuell.info\/reha\/wp-json\/wp\/v2\/posts"}],"about":[{"href":"https:\/\/www.psychologie-aktuell.info\/reha\/wp-json\/wp\/v2\/types\/post"}],"author":[{"embeddable":true,"href":"https:\/\/www.psychologie-aktuell.info\/reha\/wp-json\/wp\/v2\/users\/1"}],"replies":[{"embeddable":true,"href":"https:\/\/www.psychologie-aktuell.info\/reha\/wp-json\/wp\/v2\/comments?post=7658"}],"version-history":[{"count":1,"href":"https:\/\/www.psychologie-aktuell.info\/reha\/wp-json\/wp\/v2\/posts\/7658\/revisions"}],"predecessor-version":[{"id":7659,"href":"https:\/\/www.psychologie-aktuell.info\/reha\/wp-json\/wp\/v2\/posts\/7658\/revisions\/7659"}],"wp:attachment":[{"href":"https:\/\/www.psychologie-aktuell.info\/reha\/wp-json\/wp\/v2\/media?parent=7658"}],"wp:term":[{"taxonomy":"category","embeddable":true,"href":"https:\/\/www.psychologie-aktuell.info\/reha\/wp-json\/wp\/v2\/categories?post=7658"},{"taxonomy":"post_tag","embeddable":true,"href":"https:\/\/www.psychologie-aktuell.info\/reha\/wp-json\/wp\/v2\/tags?post=7658"}],"curies":[{"name":"wp","href":"https:\/\/api.w.org\/{rel}","templated":true}]}}