{"id":7668,"date":"2014-01-22T07:18:33","date_gmt":"2014-01-22T06:18:33","guid":{"rendered":"http:\/\/www.psychologie-aktuell.info\/reha\/?p=7668"},"modified":"2014-01-19T19:59:35","modified_gmt":"2014-01-19T18:59:35","slug":"multizentrische-evaluationsstudie-zur-medizinisch-beruflichen-rehabilitation-member","status":"publish","type":"post","link":"https:\/\/www.psychologie-aktuell.info\/reha\/2014\/01\/multizentrische-evaluationsstudie-zur-medizinisch-beruflichen-rehabilitation-member\/","title":{"rendered":"Multizentrische Evaluationsstudie zur medizinisch-beruflichen Rehabilitation (MEmbeR)"},"content":{"rendered":"<blockquote>\n<p>Bei der MEmbeR handelt es sich um eine prospektive multizentrische Studie der Bundesarbeitsgemeinschaft medizinisch-beruflicher Rehabilitationseinrichtungen (BAG MBR Phase II).<\/p>\n<p><a id=\"N67270\" name=\"N67270\"><\/a><\/p>\n<h3>Methodik:<\/h3>\n<p>In die Studie wurden n=196 Rehabilitanden aus den Indikationsgruppen Neurologie, Psychiatrie\/Psychosomatik, Orthop\u00e4die und Innere Medizin von 21 Zentren aus dem gesamten Bundesgebiet eingeschlossen. Prim\u00e4rer Outcome-Parameter war die berufliche Teilhabe. Des Weiteren wurden Lebensqualit\u00e4tsparameter (SF-12) und ein Mini-ICF-Rating durchgef\u00fchrt. Der Beobachtungszeitraum umfasste 24 Monate nach Beendigung der Rehabilitationsbehandlung.<\/p>\n<\/blockquote>\n<p>Quelle: <a href=\"https:\/\/www.thieme-connect.de\/DOI\/DOI?10.1055\/s-0033-1347231\">Thieme E-Journals &#8211; Die Rehabilitation \/ Abstract<\/a><\/p>\n","protected":false},"excerpt":{"rendered":"<p>Bei der MEmbeR handelt es sich um eine prospektive multizentrische Studie der Bundesarbeitsgemeinschaft medizinisch-beruflicher Rehabilitationseinrichtungen (BAG MBR Phase II). Methodik: In die Studie wurden n=196 Rehabilitanden aus den Indikationsgruppen Neurologie, Psychiatrie\/Psychosomatik, Orthop\u00e4die und Innere Medizin von 21 Zentren aus dem &hellip; <a href=\"https:\/\/www.psychologie-aktuell.info\/reha\/2014\/01\/multizentrische-evaluationsstudie-zur-medizinisch-beruflichen-rehabilitation-member\/\">Weiterlesen <span class=\"meta-nav\">&rarr;<\/span><\/a><\/p>\n","protected":false},"author":1,"featured_media":0,"comment_status":"closed","ping_status":"closed","sticky":false,"template":"","format":"standard","meta":{"_jetpack_memberships_contains_paid_content":false,"footnotes":""},"categories":[21],"tags":[],"class_list":["post-7668","post","type-post","status-publish","format-standard","hentry","category-zeitschriftenartikel"],"jetpack_featured_media_url":"","jetpack_shortlink":"https:\/\/wp.me\/p1fMVY-1ZG","jetpack_sharing_enabled":true,"_links":{"self":[{"href":"https:\/\/www.psychologie-aktuell.info\/reha\/wp-json\/wp\/v2\/posts\/7668","targetHints":{"allow":["GET"]}}],"collection":[{"href":"https:\/\/www.psychologie-aktuell.info\/reha\/wp-json\/wp\/v2\/posts"}],"about":[{"href":"https:\/\/www.psychologie-aktuell.info\/reha\/wp-json\/wp\/v2\/types\/post"}],"author":[{"embeddable":true,"href":"https:\/\/www.psychologie-aktuell.info\/reha\/wp-json\/wp\/v2\/users\/1"}],"replies":[{"embeddable":true,"href":"https:\/\/www.psychologie-aktuell.info\/reha\/wp-json\/wp\/v2\/comments?post=7668"}],"version-history":[{"count":1,"href":"https:\/\/www.psychologie-aktuell.info\/reha\/wp-json\/wp\/v2\/posts\/7668\/revisions"}],"predecessor-version":[{"id":7669,"href":"https:\/\/www.psychologie-aktuell.info\/reha\/wp-json\/wp\/v2\/posts\/7668\/revisions\/7669"}],"wp:attachment":[{"href":"https:\/\/www.psychologie-aktuell.info\/reha\/wp-json\/wp\/v2\/media?parent=7668"}],"wp:term":[{"taxonomy":"category","embeddable":true,"href":"https:\/\/www.psychologie-aktuell.info\/reha\/wp-json\/wp\/v2\/categories?post=7668"},{"taxonomy":"post_tag","embeddable":true,"href":"https:\/\/www.psychologie-aktuell.info\/reha\/wp-json\/wp\/v2\/tags?post=7668"}],"curies":[{"name":"wp","href":"https:\/\/api.w.org\/{rel}","templated":true}]}}