{"id":7693,"date":"2014-01-19T19:00:27","date_gmt":"2014-01-19T18:00:27","guid":{"rendered":"http:\/\/www.psychologie-aktuell.info\/reha\/?p=7693"},"modified":"2014-01-19T18:49:54","modified_gmt":"2014-01-19T17:49:54","slug":"gutachten-zur-erwerbsfaehigkeit-im-spannungsfeld-medizinischer-und-sozialer-problemlagen","status":"publish","type":"post","link":"https:\/\/www.psychologie-aktuell.info\/reha\/2014\/01\/gutachten-zur-erwerbsfaehigkeit-im-spannungsfeld-medizinischer-und-sozialer-problemlagen\/","title":{"rendered":"Gutachten zur Erwerbsf\u00e4higkeit im Spannungsfeld medizinischer und sozialer Problemlagen"},"content":{"rendered":"<blockquote>\n<p>Das Gesundheitsamt Bremen erstellt f\u00fcr Bremer Jobcenter Gutachten zur Leistungs- und Erwerbsf\u00e4higkeit im Rahmen des \u00a7 8 SGB II. Seitens der Gutachter wurde die Frage aufgeworfen, inwieweit diese Gutachten tats\u00e4chlich medizinisch begr\u00fcndet sind. Vor diesem Hintergrund wurden im Zeitraum eines halben Jahres die Gutachten des Bremer Gesundheitsamtes dokumentiert und ausgewertet. Erfasst wurden Sozialdaten, weitere individuelle soziale Merkmale und relevante Diagnosen der Begutachteten, Einsch\u00e4tzungen der Gutachter zur Leistungsf\u00e4higkeit, zur gesundheitlichen Prognose und zur medizinischen Begr\u00fcndung der Gutachten. Die Zusammensetzung der begutachteten Personen nach Geschlecht und Staatszugeh\u00f6rigkeit entsprach der Gesamtheit der Bremer Leistungsempf\u00e4nger. Die Begutachteten hatten im Vergleich zur deutschen Bev\u00f6lkerung eine deutlich schlechtere Schul- und Berufsbildung. Hinweise auf soziale Belastungsfaktoren fanden sich in st\u00e4rkerem Ma\u00df bei Frauen.<\/p>\n<\/blockquote>\n<p>Quelle: <a href=\"https:\/\/www.thieme-connect.de\/ejournals\/abstract\/10.1055\/s-0033-1357153\">Thieme E-Journals &#8211; Das Gesundheitswesen \/ Abstract<\/a><\/p>\n","protected":false},"excerpt":{"rendered":"<p>Das Gesundheitsamt Bremen erstellt f\u00fcr Bremer Jobcenter Gutachten zur Leistungs- und Erwerbsf\u00e4higkeit im Rahmen des \u00a7 8 SGB II. Seitens der Gutachter wurde die Frage aufgeworfen, inwieweit diese Gutachten tats\u00e4chlich medizinisch begr\u00fcndet sind. Vor diesem Hintergrund wurden im Zeitraum eines &hellip; <a href=\"https:\/\/www.psychologie-aktuell.info\/reha\/2014\/01\/gutachten-zur-erwerbsfaehigkeit-im-spannungsfeld-medizinischer-und-sozialer-problemlagen\/\">Weiterlesen <span class=\"meta-nav\">&rarr;<\/span><\/a><\/p>\n","protected":false},"author":1,"featured_media":0,"comment_status":"closed","ping_status":"closed","sticky":false,"template":"","format":"standard","meta":{"_jetpack_memberships_contains_paid_content":false,"footnotes":""},"categories":[21],"tags":[],"class_list":["post-7693","post","type-post","status-publish","format-standard","hentry","category-zeitschriftenartikel"],"jetpack_featured_media_url":"","jetpack_shortlink":"https:\/\/wp.me\/p1fMVY-205","jetpack_sharing_enabled":true,"_links":{"self":[{"href":"https:\/\/www.psychologie-aktuell.info\/reha\/wp-json\/wp\/v2\/posts\/7693","targetHints":{"allow":["GET"]}}],"collection":[{"href":"https:\/\/www.psychologie-aktuell.info\/reha\/wp-json\/wp\/v2\/posts"}],"about":[{"href":"https:\/\/www.psychologie-aktuell.info\/reha\/wp-json\/wp\/v2\/types\/post"}],"author":[{"embeddable":true,"href":"https:\/\/www.psychologie-aktuell.info\/reha\/wp-json\/wp\/v2\/users\/1"}],"replies":[{"embeddable":true,"href":"https:\/\/www.psychologie-aktuell.info\/reha\/wp-json\/wp\/v2\/comments?post=7693"}],"version-history":[{"count":1,"href":"https:\/\/www.psychologie-aktuell.info\/reha\/wp-json\/wp\/v2\/posts\/7693\/revisions"}],"predecessor-version":[{"id":7694,"href":"https:\/\/www.psychologie-aktuell.info\/reha\/wp-json\/wp\/v2\/posts\/7693\/revisions\/7694"}],"wp:attachment":[{"href":"https:\/\/www.psychologie-aktuell.info\/reha\/wp-json\/wp\/v2\/media?parent=7693"}],"wp:term":[{"taxonomy":"category","embeddable":true,"href":"https:\/\/www.psychologie-aktuell.info\/reha\/wp-json\/wp\/v2\/categories?post=7693"},{"taxonomy":"post_tag","embeddable":true,"href":"https:\/\/www.psychologie-aktuell.info\/reha\/wp-json\/wp\/v2\/tags?post=7693"}],"curies":[{"name":"wp","href":"https:\/\/api.w.org\/{rel}","templated":true}]}}